{"id":30337,"date":"2025-09-23T19:49:36","date_gmt":"2025-09-23T22:49:36","guid":{"rendered":"https:\/\/impactodenoticias.com.ar\/?p=30337"},"modified":"2025-09-25T09:51:36","modified_gmt":"2025-09-25T12:51:36","slug":"solicitan-pena-efectiva-para-micaela-mino-por-instigar-a-una-menor-a-cometer-el-asesinato-de-una-joven-en-parana","status":"publish","type":"post","link":"https:\/\/impactodenoticias.com.ar\/?p=30337","title":{"rendered":"Solicitan pena efectiva para Micaela Mi\u00f1o por instigar a una menor a cometer el asesinato de una joven en Paran\u00e1"},"content":{"rendered":"\n<h2 class=\"wp-block-heading\">El juez del Tribunal de Juicio y Apelaciones de Paran\u00e1, Alejandro C\u00e1nepa, dar\u00e1 a conocer este viernes 26 la sentencia definitiva en el caso que involucra a Micaela Ayel\u00e9n Mi\u00f1o, de 22 a\u00f1os, quien fuera acusada como coautora del homicidio simple de Abril Milagros Morato, hecho sucedido el 1 de septiembre de 2024 en el barrio Gaucho Rivero.<\/h2>\n\n\n\n<p>En la audiencia de juicio abreviado realizada este martes, C\u00e1nepa anticip\u00f3 de forma oral la resoluci\u00f3n, luego de escuchar los fundamentos presentados por los fiscales Paola Farin\u00f3 y Juan Pereyra, quienes acordaron con la defensa de Mi\u00f1o \u2014a cargo de los abogados Guillermo Retamar y Javier Aiani\u2014 una pena de nueve a\u00f1os de prisi\u00f3n efectiva.<\/p>\n\n\n\n<p>Mi\u00f1o, madre de dos hijos y embarazada al momento del proceso, no contaba con antecedentes penales, aunque ten\u00eda dos causas en tr\u00e1mite por presuntos delitos de robo y lesiones. En la audiencia, admiti\u00f3 su participaci\u00f3n en el ataque que termin\u00f3 con la vida de Morato, de 19 a\u00f1os, junto a una menor de 14 a\u00f1os.<\/p>\n\n\n\n<p>Trascendi\u00f3 adem\u00e1s que Mi\u00f1o no solo incit\u00f3 el homicidio sino que adem\u00e1s impidi\u00f3 que la joven herida reciba ayuda de su padre.<\/p>\n\n\n\n<p><strong>El hecho<\/strong><\/p>\n\n\n\n<p>El episodio ocurri\u00f3 cuando Mi\u00f1o y la adolescente se presentaron en el domicilio de la v\u00edctima en calle Luis Palma, la llamaron a salir y la amenazaron de muerte. Al salir, Morato fue agredida a golpes de pu\u00f1o. Cuando intent\u00f3 regresar a su casa, fue interceptada por la menor, quien le asest\u00f3 dos pu\u00f1aladas letales en el pecho, mientras Mi\u00f1o imped\u00eda que el padre de la joven pudiera intervenir.<\/p>\n\n\n\n<p>La acusaci\u00f3n se sustent\u00f3 con pruebas contundentes: testimonios de siete vecinos que presenciaron la agresi\u00f3n, an\u00e1lisis cient\u00edficos realizados sobre la ropa de la v\u00edctima y registros de c\u00e1maras de seguridad que captaron la secuencia del ataque.<\/p>\n\n\n\n<p>La sentencia formal ser\u00e1 emitida este viernes, pero la decisi\u00f3n del juez ya marca un precedente en el abordaje judicial de casos de violencia letal protagonizados por j\u00f3venes.<\/p>\n","protected":false},"excerpt":{"rendered":"<p>El juez del Tribunal de Juicio y Apelaciones de Paran&aacute;, Alejandro C&aacute;nepa, dar&aacute; a conocer este viernes 26 la sentencia definitiva en el caso que involucra a Micaela Ayel&eacute;n Mi&ntilde;o, de 22 a&ntilde;os, quien fuera acusada como coautora del homicidio simple de Abril Milagros Morato, hecho sucedido el 1 de septiembre de 2024 en el [&hellip;]<\/p>\n","protected":false},"author":2,"featured_media":30338,"comment_status":"closed","ping_status":"closed","sticky":false,"template":"","format":"standard","meta":{"footnotes":""},"categories":[90,3,8],"tags":[1623,4484,110,4830],"class_list":["post-30337","post","type-post","status-publish","format-standard","has-post-thumbnail","hentry","category-judicial","category-locales","category-policiales","tag-abril-milagros-morato","tag-alejandro-canepa","tag-asesinato","tag-micaela-mino"],"_links":{"self":[{"href":"https:\/\/impactodenoticias.com.ar\/index.php?rest_route=\/wp\/v2\/posts\/30337","targetHints":{"allow":["GET"]}}],"collection":[{"href":"https:\/\/impactodenoticias.com.ar\/index.php?rest_route=\/wp\/v2\/posts"}],"about":[{"href":"https:\/\/impactodenoticias.com.ar\/index.php?rest_route=\/wp\/v2\/types\/post"}],"author":[{"embeddable":true,"href":"https:\/\/impactodenoticias.com.ar\/index.php?rest_route=\/wp\/v2\/users\/2"}],"replies":[{"embeddable":true,"href":"https:\/\/impactodenoticias.com.ar\/index.php?rest_route=%2Fwp%2Fv2%2Fcomments&post=30337"}],"version-history":[{"count":1,"href":"https:\/\/impactodenoticias.com.ar\/index.php?rest_route=\/wp\/v2\/posts\/30337\/revisions"}],"predecessor-version":[{"id":30339,"href":"https:\/\/impactodenoticias.com.ar\/index.php?rest_route=\/wp\/v2\/posts\/30337\/revisions\/30339"}],"wp:featuredmedia":[{"embeddable":true,"href":"https:\/\/impactodenoticias.com.ar\/index.php?rest_route=\/wp\/v2\/media\/30338"}],"wp:attachment":[{"href":"https:\/\/impactodenoticias.com.ar\/index.php?rest_route=%2Fwp%2Fv2%2Fmedia&parent=30337"}],"wp:term":[{"taxonomy":"category","embeddable":true,"href":"https:\/\/impactodenoticias.com.ar\/index.php?rest_route=%2Fwp%2Fv2%2Fcategories&post=30337"},{"taxonomy":"post_tag","embeddable":true,"href":"https:\/\/impactodenoticias.com.ar\/index.php?rest_route=%2Fwp%2Fv2%2Ftags&post=30337"}],"curies":[{"name":"wp","href":"https:\/\/api.w.org\/{rel}","templated":true}]}}