{"id":30353,"date":"2025-09-25T09:38:52","date_gmt":"2025-09-25T12:38:52","guid":{"rendered":"https:\/\/impactodenoticias.com.ar\/?p=30353"},"modified":"2025-09-26T10:03:31","modified_gmt":"2025-09-26T13:03:31","slug":"parana-pidio-justicia-por-el-triple-femicidio-de-florencio-varela","status":"publish","type":"post","link":"https:\/\/impactodenoticias.com.ar\/?p=30353","title":{"rendered":"Paran\u00e1 pidi\u00f3 justicia por el triple femicidio de Florencio Varela"},"content":{"rendered":"\n<h2 class=\"wp-block-heading\">Distintas organizaciones feministas se convocaron este mi\u00e9rcoles en una asamblea frente a los Tribunales de Paran\u00e1 para reclamar justicia por las j\u00f3venes brutalmente asesinadas.<\/h2>\n\n\n\n<p>En el encuentro, que convoc\u00f3 a numerosas agrupaciones, enfatizaron la gravedad del caso y la necesidad de que el Estado act\u00fae con perspectiva de g\u00e9nero. \u201cEl Estado es responsable cuando hay claramente discursos de odio que se llevan a la acci\u00f3n y se instalan en el sentido com\u00fan. Las mujeres y disidencias vamos perdiendo espacios seguros\u201d, se\u00f1alaron.<\/p>\n\n\n\n<p><\/p>\n\n\n\n<figure class=\"wp-block-image size-full\"><img loading=\"lazy\" decoding=\"async\" width=\"992\" height=\"744\" src=\"https:\/\/impactodenoticias.com.ar\/wp-content\/uploads\/2025\/09\/Convocatoria-Chicas-Asesinadas-Florencio-Varela-1.webp\" alt=\"\" class=\"wp-image-30354\" srcset=\"https:\/\/impactodenoticias.com.ar\/wp-content\/uploads\/2025\/09\/Convocatoria-Chicas-Asesinadas-Florencio-Varela-1.webp 992w, https:\/\/impactodenoticias.com.ar\/wp-content\/uploads\/2025\/09\/Convocatoria-Chicas-Asesinadas-Florencio-Varela-1-300x225.webp 300w, https:\/\/impactodenoticias.com.ar\/wp-content\/uploads\/2025\/09\/Convocatoria-Chicas-Asesinadas-Florencio-Varela-1-768x576.webp 768w\" sizes=\"auto, (max-width: 992px) 100vw, 992px\" \/><figcaption class=\"wp-element-caption\"><strong><em>Foto gentileza Mar\u00eda Eugenia Sarli<\/em><\/strong><\/figcaption><\/figure>\n\n\n\n<p><\/p>\n\n\n\n<p>Los organizadores tambi\u00e9n reclamaron que la investigaci\u00f3n ponga el foco en los responsables del crimen y no en la vida privada de las v\u00edctimas, e instaron a evitar la revictimizaci\u00f3n medi\u00e1tica mientras avanzan las diligencias judiciales.<\/p>\n\n\n\n<p>\u201cQueremos decir que los asesinos son femicidas y que el Estado tambi\u00e9n participa no haciendo visible este triple femicidio. Es preocupante que no existan pol\u00edticas que nos protejan\u201d, expres\u00f3 Andrea, integrante de la asamblea.<\/p>\n\n\n\n<p>\u201cEstamos en estado de alerta. Venimos luchando hace mucho tiempo. Es un retroceso cultural que una parte de la sociedad crea que la responsabilidad es de las pibas\u201d, agreg\u00f3.<\/p>\n\n\n\n<p>Luc\u00eda G\u00f3mez, otra referente, destac\u00f3 el car\u00e1cter estructural del problema: \u201cEsta situaci\u00f3n no es nueva, pero a las feministas nos duele, nos enoja y por eso tenemos la sensaci\u00f3n de querer que arda todo\u201d, acot\u00f3.<\/p>\n\n\n\n<p>\u201cEsta oleada fascista tiene como carne de ca\u00f1\u00f3n los cuerpos de las mujeres y las disidencias. Esto es la ilustraci\u00f3n de un sistema que no lo hacemos carne. Nos tiene que preocupar\u201d, asegur\u00f3 G\u00f3mez.<\/p>\n\n\n\n<p>Brenda del Castillo, Morena Verdi y Lara Guti\u00e9rrez, las j\u00f3venes que hab\u00edan desaparecido en La Matanza, que fueron halladas asesinadas y descuartizadas en una casa allanada en la zona de Villa Vatteone, Florencio Varela, provincia de Buenos Aires.<\/p>\n","protected":false},"excerpt":{"rendered":"<p>Distintas organizaciones feministas se convocaron este mi&eacute;rcoles en una asamblea frente a los Tribunales de Paran&aacute; para reclamar justicia por las j&oacute;venes brutalmente asesinadas. En el encuentro, que convoc&oacute; a numerosas agrupaciones, enfatizaron la gravedad del caso y la necesidad de que el Estado act&uacute;e con perspectiva de g&eacute;nero. &ldquo;El Estado es responsable cuando hay [&hellip;]<\/p>\n","protected":false},"author":2,"featured_media":30355,"comment_status":"closed","ping_status":"closed","sticky":false,"template":"","format":"standard","meta":{"footnotes":""},"categories":[11,4,49],"tags":[110,1270,1639,5938,95],"class_list":["post-30353","post","type-post","status-publish","format-standard","has-post-thumbnail","hentry","category-politica","category-provinciales","category-sociedad","tag-asesinato","tag-chicas","tag-convocatoria","tag-florencio-varela","tag-parana"],"_links":{"self":[{"href":"https:\/\/impactodenoticias.com.ar\/index.php?rest_route=\/wp\/v2\/posts\/30353","targetHints":{"allow":["GET"]}}],"collection":[{"href":"https:\/\/impactodenoticias.com.ar\/index.php?rest_route=\/wp\/v2\/posts"}],"about":[{"href":"https:\/\/impactodenoticias.com.ar\/index.php?rest_route=\/wp\/v2\/types\/post"}],"author":[{"embeddable":true,"href":"https:\/\/impactodenoticias.com.ar\/index.php?rest_route=\/wp\/v2\/users\/2"}],"replies":[{"embeddable":true,"href":"https:\/\/impactodenoticias.com.ar\/index.php?rest_route=%2Fwp%2Fv2%2Fcomments&post=30353"}],"version-history":[{"count":1,"href":"https:\/\/impactodenoticias.com.ar\/index.php?rest_route=\/wp\/v2\/posts\/30353\/revisions"}],"predecessor-version":[{"id":30356,"href":"https:\/\/impactodenoticias.com.ar\/index.php?rest_route=\/wp\/v2\/posts\/30353\/revisions\/30356"}],"wp:featuredmedia":[{"embeddable":true,"href":"https:\/\/impactodenoticias.com.ar\/index.php?rest_route=\/wp\/v2\/media\/30355"}],"wp:attachment":[{"href":"https:\/\/impactodenoticias.com.ar\/index.php?rest_route=%2Fwp%2Fv2%2Fmedia&parent=30353"}],"wp:term":[{"taxonomy":"category","embeddable":true,"href":"https:\/\/impactodenoticias.com.ar\/index.php?rest_route=%2Fwp%2Fv2%2Fcategories&post=30353"},{"taxonomy":"post_tag","embeddable":true,"href":"https:\/\/impactodenoticias.com.ar\/index.php?rest_route=%2Fwp%2Fv2%2Ftags&post=30353"}],"curies":[{"name":"wp","href":"https:\/\/api.w.org\/{rel}","templated":true}]}}