{"id":30360,"date":"2025-09-25T09:51:01","date_gmt":"2025-09-25T12:51:01","guid":{"rendered":"https:\/\/impactodenoticias.com.ar\/?p=30360"},"modified":"2025-09-26T10:03:23","modified_gmt":"2025-09-26T13:03:23","slug":"gualeguaychu-escala-la-tension-en-el-area-de-obras-publicas-tras-la-expulsion-del-lider-de-ate-de-los-talleres","status":"publish","type":"post","link":"https:\/\/impactodenoticias.com.ar\/?p=30360","title":{"rendered":"Gualeguaych\u00fa: escala la tensi\u00f3n en el \u00e1rea de Obras P\u00fablicas tras la expulsi\u00f3n del l\u00edder de ATE de los talleres"},"content":{"rendered":"\n<h2 class=\"wp-block-heading\">Alrededor de las 8, el dirigente de ATE se present\u00f3 en la sede de Obras P\u00fablicas sobre Urquiza al Oeste para participar de la nueva asamblea de trabajadores. Pero los miembros de la Agencia de Seguridad lo retiraron del lugar y ante la resistencia de Alberto Mendoza se gener\u00f3 una situaci\u00f3n de gran tensi\u00f3n.<\/h2>\n\n\n\n<p>Las im\u00e1genes fueron registradas por otros dirigentes de ATE Gualeguaych\u00fa. Sobre el tema, desde el gremio expresaron que la agresi\u00f3n \u00abfue sin ning\u00fan motivo o notificaci\u00f3n de causa\u00bb.<\/p>\n\n\n\n<p>Y a\u00f1adieron que la situaci\u00f3n fue \u00abdenunciada como violencia patronal y antisindical. Exigimos el cese de la persecuci\u00f3n violenta del intendente Mauricio Davico que afecta la libertad sindical\u00bb, destacaron.<\/p>\n\n\n\n<p>Alberto Mendoza manifest\u00f3 que \u00abla guardia pretoriana del intendente no deja entrar la dirigencia sindical a estas instalaciones. Espero que el gobernador Rogelio Frigerio, las autoridades y el Concejo Deliberante sepan lo que est\u00e1 pasando con los empleados municipales\u00bb.<\/p>\n\n\n\n<p>El dirigente calific\u00f3 a la situaci\u00f3n como \u00abotro atropello y es violencia estatal. Lo hago responsable al intendente Davico y vamos a denunciar estos hechos\u00bb, finaliz\u00f3.<\/p>\n","protected":false},"excerpt":{"rendered":"<p>Alrededor de las 8, el dirigente de ATE se present&oacute; en la sede de Obras P&uacute;blicas sobre Urquiza al Oeste para participar de la nueva asamblea de trabajadores. Pero los miembros de la Agencia de Seguridad lo retiraron del lugar y ante la resistencia de Alberto Mendoza se gener&oacute; una situaci&oacute;n de gran tensi&oacute;n. Las [&hellip;]<\/p>\n","protected":false},"author":2,"featured_media":30361,"comment_status":"closed","ping_status":"closed","sticky":false,"template":"","format":"standard","meta":{"footnotes":""},"categories":[91,11,4],"tags":[5943,103,2274,280,1059,102,756,4519],"class_list":["post-30360","post","type-post","status-publish","format-standard","has-post-thumbnail","hentry","category-gremiales","category-politica","category-provinciales","tag-alberto-mendoza","tag-ate","tag-expulsion","tag-gualeguaychu","tag-mauricio-davico","tag-municipalidad","tag-obras-publicas","tag-tension"],"_links":{"self":[{"href":"https:\/\/impactodenoticias.com.ar\/index.php?rest_route=\/wp\/v2\/posts\/30360","targetHints":{"allow":["GET"]}}],"collection":[{"href":"https:\/\/impactodenoticias.com.ar\/index.php?rest_route=\/wp\/v2\/posts"}],"about":[{"href":"https:\/\/impactodenoticias.com.ar\/index.php?rest_route=\/wp\/v2\/types\/post"}],"author":[{"embeddable":true,"href":"https:\/\/impactodenoticias.com.ar\/index.php?rest_route=\/wp\/v2\/users\/2"}],"replies":[{"embeddable":true,"href":"https:\/\/impactodenoticias.com.ar\/index.php?rest_route=%2Fwp%2Fv2%2Fcomments&post=30360"}],"version-history":[{"count":1,"href":"https:\/\/impactodenoticias.com.ar\/index.php?rest_route=\/wp\/v2\/posts\/30360\/revisions"}],"predecessor-version":[{"id":30362,"href":"https:\/\/impactodenoticias.com.ar\/index.php?rest_route=\/wp\/v2\/posts\/30360\/revisions\/30362"}],"wp:featuredmedia":[{"embeddable":true,"href":"https:\/\/impactodenoticias.com.ar\/index.php?rest_route=\/wp\/v2\/media\/30361"}],"wp:attachment":[{"href":"https:\/\/impactodenoticias.com.ar\/index.php?rest_route=%2Fwp%2Fv2%2Fmedia&parent=30360"}],"wp:term":[{"taxonomy":"category","embeddable":true,"href":"https:\/\/impactodenoticias.com.ar\/index.php?rest_route=%2Fwp%2Fv2%2Fcategories&post=30360"},{"taxonomy":"post_tag","embeddable":true,"href":"https:\/\/impactodenoticias.com.ar\/index.php?rest_route=%2Fwp%2Fv2%2Ftags&post=30360"}],"curies":[{"name":"wp","href":"https:\/\/api.w.org\/{rel}","templated":true}]}}