{"id":30392,"date":"2025-09-26T20:35:00","date_gmt":"2025-09-26T23:35:00","guid":{"rendered":"https:\/\/impactodenoticias.com.ar\/?p=30392"},"modified":"2025-09-26T20:35:00","modified_gmt":"2025-09-26T23:35:00","slug":"este-finde-santa-elena-estara-presente-en-fit","status":"publish","type":"post","link":"https:\/\/impactodenoticias.com.ar\/?p=30392","title":{"rendered":"Este finde Santa Elena estar\u00e1 presente en FIT"},"content":{"rendered":"\n<h2 class=\"wp-block-heading\">Lo har\u00e1 junto a Mar\u00eda Grande, Hasenkamp, La Picada, Villa Urquiza y Colonia Avellaneda, como Microrregi\u00f3n R\u00edo Nativo en el Stand de la Secretar\u00eda de Turismo de la Provincia.<\/h2>\n\n\n\n<p><strong>Que es el FIT<\/strong><\/p>\n\n\n\n<p>Es la Feria Internacional de Turismo de Am\u00e9rica Latina (FIT), un evento anual de gran relevancia para la industria tur\u00edstica donde se presentan destinos y se generan negocios, o a la sigla FIT (Foreign Independent Tour), que se usa para describir viajes individuales o paquetes a medida para el turista, donde la flexibilidad es clave.<\/p>\n\n\n\n<p><strong>\u00bfQu\u00e9 es la Feria Internacional de Turismo (FIT)<\/strong><\/p>\n\n\n\n<p>Es un evento de la industria: Es el encuentro m\u00e1s importante del sector tur\u00edstico de Am\u00e9rica Latina, una vitrina para destinos nacionales e internacionales.<\/p>\n\n\n\n<p>Sirve como punto de encuentro para empresas tur\u00edsticas, generando oportunidades de negocio, networking y difusi\u00f3n de atractivos.<\/p>\n\n\n\n<p>Adem\u00e1s de ser un espacio para profesionales, durante los d\u00edas de apertura al p\u00fablico general, ofrece espect\u00e1culos, shows en vivo, exhibiciones culturales y gastron\u00f3micas, seg\u00fan informa el sitio oficial de FIT.<\/p>\n\n\n\n<p><\/p>\n\n\n\n<figure class=\"wp-block-gallery has-nested-images columns-default is-cropped wp-block-gallery-1 is-layout-flex wp-block-gallery-is-layout-flex\">\n<figure class=\"wp-block-image size-large\"><img loading=\"lazy\" decoding=\"async\" width=\"819\" height=\"1024\" data-id=\"30393\" src=\"https:\/\/impactodenoticias.com.ar\/wp-content\/uploads\/2025\/09\/aefecaea-3dcb-4dc5-a334-bd497dbceeaa-1-819x1024.jpeg\" alt=\"\" class=\"wp-image-30393\" srcset=\"https:\/\/impactodenoticias.com.ar\/wp-content\/uploads\/2025\/09\/aefecaea-3dcb-4dc5-a334-bd497dbceeaa-1-819x1024.jpeg 819w, https:\/\/impactodenoticias.com.ar\/wp-content\/uploads\/2025\/09\/aefecaea-3dcb-4dc5-a334-bd497dbceeaa-1-240x300.jpeg 240w, https:\/\/impactodenoticias.com.ar\/wp-content\/uploads\/2025\/09\/aefecaea-3dcb-4dc5-a334-bd497dbceeaa-1-768x960.jpeg 768w, https:\/\/impactodenoticias.com.ar\/wp-content\/uploads\/2025\/09\/aefecaea-3dcb-4dc5-a334-bd497dbceeaa-1.jpeg 1024w\" sizes=\"auto, (max-width: 819px) 100vw, 819px\" \/><\/figure>\n<\/figure>\n\n\n\n<p><\/p>\n\n\n\n<p><\/p>\n","protected":false},"excerpt":{"rendered":"<p>Lo har&aacute; junto a Mar&iacute;a Grande, Hasenkamp, La Picada, Villa Urquiza y Colonia Avellaneda, como Microrregi&oacute;n R&iacute;o Nativo en el Stand de la Secretar&iacute;a de Turismo de la Provincia. Que es el FIT Es la Feria Internacional de Turismo de Am&eacute;rica Latina (FIT), un evento anual de gran relevancia para la industria tur&iacute;stica donde se [&hellip;]<\/p>\n","protected":false},"author":2,"featured_media":30395,"comment_status":"closed","ping_status":"closed","sticky":false,"template":"","format":"standard","meta":{"footnotes":""},"categories":[1902,49],"tags":[974,344,5926,2247,5957,5958,1041,5924,3644,439,1027],"class_list":["post-30392","post","type-post","status-publish","format-standard","has-post-thumbnail","hentry","category-municipales","category-sociedad","tag-buenos-aires","tag-colonia-avellaneda","tag-fit","tag-hasenkamp","tag-la-icada","tag-la-rural","tag-maria-grande","tag-microregion","tag-rio-nativo","tag-santa-elena","tag-villa-urquiza"],"_links":{"self":[{"href":"https:\/\/impactodenoticias.com.ar\/index.php?rest_route=\/wp\/v2\/posts\/30392","targetHints":{"allow":["GET"]}}],"collection":[{"href":"https:\/\/impactodenoticias.com.ar\/index.php?rest_route=\/wp\/v2\/posts"}],"about":[{"href":"https:\/\/impactodenoticias.com.ar\/index.php?rest_route=\/wp\/v2\/types\/post"}],"author":[{"embeddable":true,"href":"https:\/\/impactodenoticias.com.ar\/index.php?rest_route=\/wp\/v2\/users\/2"}],"replies":[{"embeddable":true,"href":"https:\/\/impactodenoticias.com.ar\/index.php?rest_route=%2Fwp%2Fv2%2Fcomments&post=30392"}],"version-history":[{"count":1,"href":"https:\/\/impactodenoticias.com.ar\/index.php?rest_route=\/wp\/v2\/posts\/30392\/revisions"}],"predecessor-version":[{"id":30396,"href":"https:\/\/impactodenoticias.com.ar\/index.php?rest_route=\/wp\/v2\/posts\/30392\/revisions\/30396"}],"wp:featuredmedia":[{"embeddable":true,"href":"https:\/\/impactodenoticias.com.ar\/index.php?rest_route=\/wp\/v2\/media\/30395"}],"wp:attachment":[{"href":"https:\/\/impactodenoticias.com.ar\/index.php?rest_route=%2Fwp%2Fv2%2Fmedia&parent=30392"}],"wp:term":[{"taxonomy":"category","embeddable":true,"href":"https:\/\/impactodenoticias.com.ar\/index.php?rest_route=%2Fwp%2Fv2%2Fcategories&post=30392"},{"taxonomy":"post_tag","embeddable":true,"href":"https:\/\/impactodenoticias.com.ar\/index.php?rest_route=%2Fwp%2Fv2%2Ftags&post=30392"}],"curies":[{"name":"wp","href":"https:\/\/api.w.org\/{rel}","templated":true}]}}