{"id":30412,"date":"2025-09-28T08:49:31","date_gmt":"2025-09-28T11:49:31","guid":{"rendered":"https:\/\/impactodenoticias.com.ar\/?p=30412"},"modified":"2025-09-28T08:49:31","modified_gmt":"2025-09-28T11:49:31","slug":"concordia-el-conductor-de-una-camioneta-atropello-a-un-menor-que-andaba-en-bicicleta","status":"publish","type":"post","link":"https:\/\/impactodenoticias.com.ar\/?p=30412","title":{"rendered":"Concordia: el conductor de una camioneta atropell\u00f3 a un menor que andaba en bicicleta"},"content":{"rendered":"\n<h2 class=\"wp-block-heading\">Alrededor de las 18:00, funcionarios de la Comisar\u00eda Cuarta fueron en calle San Lorenzo y Gualeguay de la ciudad de Concordia. En el lugar observaron la colisi\u00f3n entre una camioneta Volkswagen Amarok de color negro y una bicicleta R26 de color verde.<\/h2>\n\n\n\n<p>El conductor de la camioneta transitaba por Av. San Lorenzo en sentido este-oeste, llegando a calle Gualeguay, cuando el conductor de la bicicleta -menor de edad- habr\u00eda cruzado desde la vereda en la que se encontraba circulando, hacia el sur, siendo embestido por la camioneta. El menor tuvo que ser trasladado al Hospital Delicia Concepci\u00f3n Masvernat.<\/p>\n\n\n\n<p><\/p>\n\n\n\n<figure class=\"wp-block-image size-full\"><img loading=\"lazy\" decoding=\"async\" width=\"696\" height=\"928\" src=\"https:\/\/impactodenoticias.com.ar\/wp-content\/uploads\/2025\/09\/Concordia-Accidente-Nino-Camioneta.webp\" alt=\"\" class=\"wp-image-30413\" srcset=\"https:\/\/impactodenoticias.com.ar\/wp-content\/uploads\/2025\/09\/Concordia-Accidente-Nino-Camioneta.webp 696w, https:\/\/impactodenoticias.com.ar\/wp-content\/uploads\/2025\/09\/Concordia-Accidente-Nino-Camioneta-225x300.webp 225w\" sizes=\"auto, (max-width: 696px) 100vw, 696px\" \/><\/figure>\n\n\n\n<p><\/p>\n\n\n\n<p>En el lugar intervino personal de la Direcci\u00f3n Municipal de Tr\u00e1nsito, practicando test de alcoholemia al conductor de la camioneta, resultando positivo. El veh\u00edculo result\u00f3 retenidoy se labraron las actuaciones de rigor.<\/p>\n","protected":false},"excerpt":{"rendered":"<p>Alrededor de las 18:00, funcionarios de la Comisar&iacute;a Cuarta fueron en calle San Lorenzo y Gualeguay de la ciudad de Concordia. En el lugar observaron la colisi&oacute;n entre una camioneta Volkswagen Amarok de color negro y una bicicleta R26 de color verde. El conductor de la camioneta transitaba por Av. San Lorenzo en sentido este-oeste, [&hellip;]<\/p>\n","protected":false},"author":2,"featured_media":30414,"comment_status":"closed","ping_status":"closed","sticky":false,"template":"","format":"standard","meta":{"footnotes":""},"categories":[8,4],"tags":[5959,890,402,72,3116,118],"class_list":["post-30412","post","type-post","status-publish","format-standard","has-post-thumbnail","hentry","category-policiales","category-provinciales","tag-atropello-2","tag-bicicleta","tag-camioneta","tag-concordia","tag-menor","tag-policiales"],"_links":{"self":[{"href":"https:\/\/impactodenoticias.com.ar\/index.php?rest_route=\/wp\/v2\/posts\/30412","targetHints":{"allow":["GET"]}}],"collection":[{"href":"https:\/\/impactodenoticias.com.ar\/index.php?rest_route=\/wp\/v2\/posts"}],"about":[{"href":"https:\/\/impactodenoticias.com.ar\/index.php?rest_route=\/wp\/v2\/types\/post"}],"author":[{"embeddable":true,"href":"https:\/\/impactodenoticias.com.ar\/index.php?rest_route=\/wp\/v2\/users\/2"}],"replies":[{"embeddable":true,"href":"https:\/\/impactodenoticias.com.ar\/index.php?rest_route=%2Fwp%2Fv2%2Fcomments&post=30412"}],"version-history":[{"count":1,"href":"https:\/\/impactodenoticias.com.ar\/index.php?rest_route=\/wp\/v2\/posts\/30412\/revisions"}],"predecessor-version":[{"id":30415,"href":"https:\/\/impactodenoticias.com.ar\/index.php?rest_route=\/wp\/v2\/posts\/30412\/revisions\/30415"}],"wp:featuredmedia":[{"embeddable":true,"href":"https:\/\/impactodenoticias.com.ar\/index.php?rest_route=\/wp\/v2\/media\/30414"}],"wp:attachment":[{"href":"https:\/\/impactodenoticias.com.ar\/index.php?rest_route=%2Fwp%2Fv2%2Fmedia&parent=30412"}],"wp:term":[{"taxonomy":"category","embeddable":true,"href":"https:\/\/impactodenoticias.com.ar\/index.php?rest_route=%2Fwp%2Fv2%2Fcategories&post=30412"},{"taxonomy":"post_tag","embeddable":true,"href":"https:\/\/impactodenoticias.com.ar\/index.php?rest_route=%2Fwp%2Fv2%2Ftags&post=30412"}],"curies":[{"name":"wp","href":"https:\/\/api.w.org\/{rel}","templated":true}]}}