{"id":30423,"date":"2025-09-28T09:51:15","date_gmt":"2025-09-28T12:51:15","guid":{"rendered":"https:\/\/impactodenoticias.com.ar\/?p=30423"},"modified":"2025-09-29T18:45:51","modified_gmt":"2025-09-29T21:45:51","slug":"piedras-blancas-se-llevo-adelante-una-multitudinaria-marcha-en-piedras-blancas-pidiendo-justicia-por-el-ataque-sexual-a-una-mujer","status":"publish","type":"post","link":"https:\/\/impactodenoticias.com.ar\/?p=30423","title":{"rendered":"Piedras Blancas: se llev\u00f3 adelante una multitudinaria marcha en Piedras Blancas pidiendo justicia por el ataque sexual a una mujer"},"content":{"rendered":"\n<h2 class=\"wp-block-heading\">Como se hab\u00eda organizado d\u00edas atr\u00e1s, en la tarde de este s\u00e1bado, cientos de vecinos se convocaron en la plaza principal de Piedras Blancas pidiendo justicia ante un caso de abuso sexual que tiene conmocionada a toda la peque\u00f1a localidad.<\/h2>\n\n\n\n<p>Seg\u00fan expres\u00f3 la t\u00eda de la joven a los medios de comunciaci\u00f3n en el lugar de los hechos: \u201cestamos agradecidos por el apoyo de la comunidad pero el pueblo est\u00e1 con bronca. Si la justicia no act\u00faa no se que puede pasar. Familiares del menor pasando por el medio de la marcha con total impunidad toc\u00e1ndonos bocina y ri\u00e9ndose\u201c.<\/p>\n\n\n\n<p>Vecinos y familiares se movilizaron hasta la comisar\u00eda local reclamando justicia y la respuesta que recibieron por parte de la Polic\u00eda fue que: \u201cEllos tienen las manos atadas porque es un menor\u201d.<\/p>\n\n\n\n<p>\u201cSolo pedimos justicia, si no puede estar preso que lo lleven a alguna instituci\u00f3n que se encargue de menores as\u00ed, EN EL PUEBLO NO LO QUEREMOS !!!\u201d, se\u00f1alaron desde la familia.<\/p>\n\n\n\n<p><\/p>\n\n\n\n<figure class=\"wp-block-image size-full\"><img loading=\"lazy\" decoding=\"async\" width=\"696\" height=\"925\" src=\"https:\/\/impactodenoticias.com.ar\/wp-content\/uploads\/2025\/09\/WhatsApp-Image-2025-09-27-at-19.07.34-1.webp\" alt=\"\" class=\"wp-image-30425\" srcset=\"https:\/\/impactodenoticias.com.ar\/wp-content\/uploads\/2025\/09\/WhatsApp-Image-2025-09-27-at-19.07.34-1.webp 696w, https:\/\/impactodenoticias.com.ar\/wp-content\/uploads\/2025\/09\/WhatsApp-Image-2025-09-27-at-19.07.34-1-226x300.webp 226w\" sizes=\"auto, (max-width: 696px) 100vw, 696px\" \/><\/figure>\n\n\n\n<p><\/p>\n\n\n\n<p><strong>El hecho<\/strong><\/p>\n\n\n\n<p>El episodio denunciado habr\u00eda ocurrido el pasado jueves cuando una mujer de 30 a\u00f1os hab\u00eda salido a caminar entre la 14:00 y las 15:00 en la zona de la Playa Piray\u00fa de Piedras Blancas. En ese lapso habr\u00eda sido golpeada y atacada sexualmente en un terreno cercano a la zona del Camping Municipal.<\/p>\n\n\n\n<p>Seg\u00fan cont\u00f3 la mujer, el atacante ser\u00eda un menor de edad de 15 a\u00f1os, al cual toda la localidad conoce el cual ya fue denunciado e imputado. Tambi\u00e9n nos informaron que los familiares del chico lo habr\u00edan sacado del pueblo para \u201cencubrirlo\u201d.<\/p>\n\n\n\n<p>En cuanto al estado actual de la v\u00edctima, ella y su madre se encuentra en la ciudad de La Paz donde le est\u00e1n realizando las pericias correspondientes, muy angustiada y shockeada por la brutal situaci\u00f3n que tuvo que soportar.<\/p>\n\n\n\n<p><\/p>\n\n\n\n<figure class=\"wp-block-video\"><video height=\"478\" style=\"aspect-ratio: 848 \/ 478;\" width=\"848\" controls src=\"https:\/\/impactodenoticias.com.ar\/wp-content\/uploads\/2025\/09\/WhatsApp-Video-2025-09-27-at-19.13.56.mp4\"><\/video><\/figure>\n\n\n\n<p><\/p>\n\n\n\n<p><\/p>\n","protected":false},"excerpt":{"rendered":"<p>Como se hab&iacute;a organizado d&iacute;as atr&aacute;s, en la tarde de este s&aacute;bado, cientos de vecinos se convocaron en la plaza principal de Piedras Blancas pidiendo justicia ante un caso de abuso sexual que tiene conmocionada a toda la peque&ntilde;a localidad. Seg&uacute;n expres&oacute; la t&iacute;a de la joven a los medios de comunciaci&oacute;n en el lugar [&hellip;]<\/p>\n","protected":false},"author":2,"featured_media":30426,"comment_status":"closed","ping_status":"closed","sticky":false,"template":"","format":"standard","meta":{"footnotes":""},"categories":[8,4],"tags":[183,362,3353,118,1537],"class_list":["post-30423","post","type-post","status-publish","format-standard","has-post-thumbnail","hentry","category-policiales","category-provinciales","tag-ataque","tag-marcha","tag-piedras-blancas","tag-policiales","tag-sexual"],"_links":{"self":[{"href":"https:\/\/impactodenoticias.com.ar\/index.php?rest_route=\/wp\/v2\/posts\/30423","targetHints":{"allow":["GET"]}}],"collection":[{"href":"https:\/\/impactodenoticias.com.ar\/index.php?rest_route=\/wp\/v2\/posts"}],"about":[{"href":"https:\/\/impactodenoticias.com.ar\/index.php?rest_route=\/wp\/v2\/types\/post"}],"author":[{"embeddable":true,"href":"https:\/\/impactodenoticias.com.ar\/index.php?rest_route=\/wp\/v2\/users\/2"}],"replies":[{"embeddable":true,"href":"https:\/\/impactodenoticias.com.ar\/index.php?rest_route=%2Fwp%2Fv2%2Fcomments&post=30423"}],"version-history":[{"count":1,"href":"https:\/\/impactodenoticias.com.ar\/index.php?rest_route=\/wp\/v2\/posts\/30423\/revisions"}],"predecessor-version":[{"id":30427,"href":"https:\/\/impactodenoticias.com.ar\/index.php?rest_route=\/wp\/v2\/posts\/30423\/revisions\/30427"}],"wp:featuredmedia":[{"embeddable":true,"href":"https:\/\/impactodenoticias.com.ar\/index.php?rest_route=\/wp\/v2\/media\/30426"}],"wp:attachment":[{"href":"https:\/\/impactodenoticias.com.ar\/index.php?rest_route=%2Fwp%2Fv2%2Fmedia&parent=30423"}],"wp:term":[{"taxonomy":"category","embeddable":true,"href":"https:\/\/impactodenoticias.com.ar\/index.php?rest_route=%2Fwp%2Fv2%2Fcategories&post=30423"},{"taxonomy":"post_tag","embeddable":true,"href":"https:\/\/impactodenoticias.com.ar\/index.php?rest_route=%2Fwp%2Fv2%2Ftags&post=30423"}],"curies":[{"name":"wp","href":"https:\/\/api.w.org\/{rel}","templated":true}]}}