{"id":30440,"date":"2025-09-29T18:36:58","date_gmt":"2025-09-29T21:36:58","guid":{"rendered":"https:\/\/impactodenoticias.com.ar\/?p=30440"},"modified":"2025-09-29T18:36:58","modified_gmt":"2025-09-29T21:36:58","slug":"paso-cerrito-incautaron-133-telefonos-celulares-valuados-en-90-millones","status":"publish","type":"post","link":"https:\/\/impactodenoticias.com.ar\/?p=30440","title":{"rendered":"Paso Cerrito: incautaron 133 tel\u00e9fonos celulares valuados en $90 millones"},"content":{"rendered":"\n<h2 class=\"wp-block-heading\">En un operativo de control vehicular llevado adelante este domingo al mediod\u00eda en el Puesto de Control Vial Paso Cerrito, personal perteneciente a la Polic\u00eda de Entre R\u00edos secuestr\u00f3 un cargamento de 133 tel\u00e9fonos celulares ocultos en un veh\u00edculo, cuyo valor de mercado asciende a 90 millones de pesos.<\/h2>\n\n\n\n<p>El operativo se desarroll\u00f3 cuando efectivos policiales detuvieron la marcha de una camioneta Ford Ranger 4\u00d74 gris, conducida por una mujer mayor de edad, comerciante, oriunda de Corrientes capital, que se dirig\u00eda hacia la ciudad de Rafaela, provincia de Santa Fe.<\/p>\n\n\n\n<p><\/p>\n\n\n\n<figure class=\"wp-block-image size-full\"><img loading=\"lazy\" decoding=\"async\" width=\"696\" height=\"496\" src=\"https:\/\/impactodenoticias.com.ar\/wp-content\/uploads\/2025\/09\/Secuestro-Celulares-Paso-Cerrito-1.webp\" alt=\"\" class=\"wp-image-30441\" srcset=\"https:\/\/impactodenoticias.com.ar\/wp-content\/uploads\/2025\/09\/Secuestro-Celulares-Paso-Cerrito-1.webp 696w, https:\/\/impactodenoticias.com.ar\/wp-content\/uploads\/2025\/09\/Secuestro-Celulares-Paso-Cerrito-1-300x214.webp 300w\" sizes=\"auto, (max-width: 696px) 100vw, 696px\" \/><\/figure>\n\n\n\n<p><\/p>\n\n\n\n<p>En medio de la inspecci\u00f3n del rodado, el can detector \u201cJana\u201d marc\u00f3 la posible presencia de estupefacientes en la caja de carga. Ante esta se\u00f1al y al detectar anomal\u00edas visibles en la carrocer\u00eda, se dio intervenci\u00f3n al Juzgado Federal de Concordia, a cargo del secretario Dr. Lucas Claret, y a la Fiscal\u00eda Federal de la Dra. Cintia Cibulskas.<\/p>\n\n\n\n<p>Con la presencia de testigos y siguiendo lo dispuesto por el art\u00edculo 230 bis del C\u00f3digo Procesal Penal, se llev\u00f3 adelante la requisa del veh\u00edculo, donde se detect\u00f3 un doble fondo en la caja de carga. En su interior hab\u00eda 133 paquetes rectangulares envueltos en nylon negro y blanco, que conten\u00edan los tel\u00e9fonos celulares de diversas marcas y modelos. Tanto el veh\u00edculo como la mercader\u00eda fueron secuestrados y puestos a disposici\u00f3n de la Justicia.<\/p>\n","protected":false},"excerpt":{"rendered":"<p>En un operativo de control vehicular llevado adelante este domingo al mediod&iacute;a en el Puesto de Control Vial Paso Cerrito, personal perteneciente a la Polic&iacute;a de Entre R&iacute;os secuestr&oacute; un cargamento de 133 tel&eacute;fonos celulares ocultos en un veh&iacute;culo, cuyo valor de mercado asciende a 90 millones de pesos. El operativo se desarroll&oacute; cuando efectivos [&hellip;]<\/p>\n","protected":false},"author":2,"featured_media":30442,"comment_status":"closed","ping_status":"closed","sticky":false,"template":"","format":"standard","meta":{"footnotes":""},"categories":[8,4],"tags":[1665,2546,118,220],"class_list":["post-30440","post","type-post","status-publish","format-standard","has-post-thumbnail","hentry","category-policiales","category-provinciales","tag-celulares","tag-paso-cerrito","tag-policiales","tag-secuestro"],"_links":{"self":[{"href":"https:\/\/impactodenoticias.com.ar\/index.php?rest_route=\/wp\/v2\/posts\/30440","targetHints":{"allow":["GET"]}}],"collection":[{"href":"https:\/\/impactodenoticias.com.ar\/index.php?rest_route=\/wp\/v2\/posts"}],"about":[{"href":"https:\/\/impactodenoticias.com.ar\/index.php?rest_route=\/wp\/v2\/types\/post"}],"author":[{"embeddable":true,"href":"https:\/\/impactodenoticias.com.ar\/index.php?rest_route=\/wp\/v2\/users\/2"}],"replies":[{"embeddable":true,"href":"https:\/\/impactodenoticias.com.ar\/index.php?rest_route=%2Fwp%2Fv2%2Fcomments&post=30440"}],"version-history":[{"count":1,"href":"https:\/\/impactodenoticias.com.ar\/index.php?rest_route=\/wp\/v2\/posts\/30440\/revisions"}],"predecessor-version":[{"id":30443,"href":"https:\/\/impactodenoticias.com.ar\/index.php?rest_route=\/wp\/v2\/posts\/30440\/revisions\/30443"}],"wp:featuredmedia":[{"embeddable":true,"href":"https:\/\/impactodenoticias.com.ar\/index.php?rest_route=\/wp\/v2\/media\/30442"}],"wp:attachment":[{"href":"https:\/\/impactodenoticias.com.ar\/index.php?rest_route=%2Fwp%2Fv2%2Fmedia&parent=30440"}],"wp:term":[{"taxonomy":"category","embeddable":true,"href":"https:\/\/impactodenoticias.com.ar\/index.php?rest_route=%2Fwp%2Fv2%2Fcategories&post=30440"},{"taxonomy":"post_tag","embeddable":true,"href":"https:\/\/impactodenoticias.com.ar\/index.php?rest_route=%2Fwp%2Fv2%2Ftags&post=30440"}],"curies":[{"name":"wp","href":"https:\/\/api.w.org\/{rel}","templated":true}]}}