{"id":30450,"date":"2025-09-30T08:38:51","date_gmt":"2025-09-30T11:38:51","guid":{"rendered":"https:\/\/impactodenoticias.com.ar\/?p=30450"},"modified":"2025-09-30T08:38:51","modified_gmt":"2025-09-30T11:38:51","slug":"una-camioneta-perdio-el-control-y-embistio-el-guardarrail-en-autovia-artigas","status":"publish","type":"post","link":"https:\/\/impactodenoticias.com.ar\/?p=30450","title":{"rendered":"Una camioneta perdi\u00f3 el control y embistio el guardarrail en Autov\u00eda Artigas"},"content":{"rendered":"\n<h2 class=\"wp-block-heading\">El siniestro vial fue protagonizado por una Ford Ranger, que circulaba en sentido norte a sur. El veh\u00edculo era conducido por un hombre de 55 a\u00f1os, quien iba acompa\u00f1ado por otro hombre de 37 a\u00f1os.<\/h2>\n\n\n\n<p>Un accidente vial afortunadamente sin consecuencias graves se produjo anoche, alrededor de las 22:50, sobre la Autov\u00eda General Artigas (Ruta 14) a la altura del kil\u00f3metro 100, en el lugar una camioneta perdi\u00f3 el control e impact\u00f3 con el guardarrail.<\/p>\n\n\n\n<p>De acuerdo al reporte policial de Comisar\u00eda Talitas, el conductor perdi\u00f3 el control del rodado e impact\u00f3 contra el guardarra\u00edl de la ruta. Afortunadamente, tanto el conductor como su acompa\u00f1ante no sufrieron heridas, \u00fanicamente se produjeron da\u00f1os materiales en la camioneta.<\/p>\n\n\n\n<p>El veh\u00edculo accidentado debi\u00f3 ser retirado del lugar por un servicio de gr\u00faa, solicitado por su conductor.<\/p>\n\n\n\n<p><\/p>\n\n\n\n<figure class=\"wp-block-image size-full\"><img loading=\"lazy\" decoding=\"async\" width=\"696\" height=\"522\" src=\"https:\/\/impactodenoticias.com.ar\/wp-content\/uploads\/2025\/09\/Camioneta-choque-Autovia-Artigas-1.webp\" alt=\"\" class=\"wp-image-30451\" srcset=\"https:\/\/impactodenoticias.com.ar\/wp-content\/uploads\/2025\/09\/Camioneta-choque-Autovia-Artigas-1.webp 696w, https:\/\/impactodenoticias.com.ar\/wp-content\/uploads\/2025\/09\/Camioneta-choque-Autovia-Artigas-1-300x225.webp 300w\" sizes=\"auto, (max-width: 696px) 100vw, 696px\" \/><\/figure>\n\n\n\n<p><\/p>\n\n\n\n<p><\/p>\n","protected":false},"excerpt":{"rendered":"<p>El siniestro vial fue protagonizado por una Ford Ranger, que circulaba en sentido norte a sur. El veh&iacute;culo era conducido por un hombre de 55 a&ntilde;os, quien iba acompa&ntilde;ado por otro hombre de 37 a&ntilde;os. Un accidente vial afortunadamente sin consecuencias graves se produjo anoche, alrededor de las 22:50, sobre la Autov&iacute;a General Artigas (Ruta [&hellip;]<\/p>\n","protected":false},"author":2,"featured_media":30452,"comment_status":"closed","ping_status":"closed","sticky":false,"template":"","format":"standard","meta":{"footnotes":""},"categories":[8,4],"tags":[925,402,652,118],"class_list":["post-30450","post","type-post","status-publish","format-standard","has-post-thumbnail","hentry","category-policiales","category-provinciales","tag-autovia-artigas","tag-camioneta","tag-choque","tag-policiales"],"_links":{"self":[{"href":"https:\/\/impactodenoticias.com.ar\/index.php?rest_route=\/wp\/v2\/posts\/30450","targetHints":{"allow":["GET"]}}],"collection":[{"href":"https:\/\/impactodenoticias.com.ar\/index.php?rest_route=\/wp\/v2\/posts"}],"about":[{"href":"https:\/\/impactodenoticias.com.ar\/index.php?rest_route=\/wp\/v2\/types\/post"}],"author":[{"embeddable":true,"href":"https:\/\/impactodenoticias.com.ar\/index.php?rest_route=\/wp\/v2\/users\/2"}],"replies":[{"embeddable":true,"href":"https:\/\/impactodenoticias.com.ar\/index.php?rest_route=%2Fwp%2Fv2%2Fcomments&post=30450"}],"version-history":[{"count":1,"href":"https:\/\/impactodenoticias.com.ar\/index.php?rest_route=\/wp\/v2\/posts\/30450\/revisions"}],"predecessor-version":[{"id":30453,"href":"https:\/\/impactodenoticias.com.ar\/index.php?rest_route=\/wp\/v2\/posts\/30450\/revisions\/30453"}],"wp:featuredmedia":[{"embeddable":true,"href":"https:\/\/impactodenoticias.com.ar\/index.php?rest_route=\/wp\/v2\/media\/30452"}],"wp:attachment":[{"href":"https:\/\/impactodenoticias.com.ar\/index.php?rest_route=%2Fwp%2Fv2%2Fmedia&parent=30450"}],"wp:term":[{"taxonomy":"category","embeddable":true,"href":"https:\/\/impactodenoticias.com.ar\/index.php?rest_route=%2Fwp%2Fv2%2Fcategories&post=30450"},{"taxonomy":"post_tag","embeddable":true,"href":"https:\/\/impactodenoticias.com.ar\/index.php?rest_route=%2Fwp%2Fv2%2Ftags&post=30450"}],"curies":[{"name":"wp","href":"https:\/\/api.w.org\/{rel}","templated":true}]}}