{"id":30465,"date":"2025-09-30T09:06:49","date_gmt":"2025-09-30T12:06:49","guid":{"rendered":"https:\/\/impactodenoticias.com.ar\/?p=30465"},"modified":"2025-10-01T10:28:47","modified_gmt":"2025-10-01T13:28:47","slug":"oro-verde-la-justicia-rechazo-un-amparo-que-buscaba-prohibir-jineteadas-en-oro-verde","status":"publish","type":"post","link":"https:\/\/impactodenoticias.com.ar\/?p=30465","title":{"rendered":"Oro Verde: la Justicia rechaz\u00f3 un amparo que buscaba prohibir jineteadas en Oro Verde"},"content":{"rendered":"\n<h2 class=\"wp-block-heading\">El juez de Paz de Oro Verde, Mariano Ram\u00f3n Jurado, rechaz\u00f3 la acci\u00f3n de amparo promovida por la Asociaci\u00f3n \u201cEcoguay\u201d y la Agrupaci\u00f3n Conciencia Animal de Entre R\u00edos contra la municipalidad de Oro Verde, en la que solicitaban suspender la habilitaci\u00f3n de un festival de jineteada y doma llevado a cabo en el predio multieventos de esa localidad.<\/h2>\n\n\n\n<p>Las organizaciones denunciaban actos de crueldad contra caballos e invocaban la violaci\u00f3n de derechos constitucionales y tratados internacionales de protecci\u00f3n animal. Reclamaban adem\u00e1s que los equinos fueran reconocidos como \u201csujetos de derecho\u201d.<\/p>\n\n\n\n<p>El juez Jurado consider\u00f3 que la demanda no logr\u00f3 acreditar la existencia de maltrato ni de crueldad en el evento, se\u00f1alando adem\u00e1s que la actividad se encuentra regulada y autorizada por la ley provincial N\u00ba 10.740 de Rescate, Protecci\u00f3n y Promoci\u00f3n de la Cultura Tradicional Entrerriana, que establece requisitos de seguridad y control veterinario.<\/p>\n\n\n\n<p>En la sentencia, se destac\u00f3 que los animales no han sido reconocidos legalmente como personas no humanas y que la modificaci\u00f3n de ese estatus corresponde al \u00e1mbito legislativo, no al judicial.<\/p>\n","protected":false},"excerpt":{"rendered":"<p>El juez de Paz de Oro Verde, Mariano Ram&oacute;n Jurado, rechaz&oacute; la acci&oacute;n de amparo promovida por la Asociaci&oacute;n &ldquo;Ecoguay&rdquo; y la Agrupaci&oacute;n Conciencia Animal de Entre R&iacute;os contra la municipalidad de Oro Verde, en la que solicitaban suspender la habilitaci&oacute;n de un festival de jineteada y doma llevado a cabo en el predio multieventos [&hellip;]<\/p>\n","protected":false},"author":2,"featured_media":30466,"comment_status":"closed","ping_status":"closed","sticky":false,"template":"","format":"standard","meta":{"footnotes":""},"categories":[90,3,49],"tags":[5967,3676,5745,5742,107,5743,722,61],"class_list":["post-30465","post","type-post","status-publish","format-standard","has-post-thumbnail","hentry","category-judicial","category-locales","category-sociedad","tag-agrupacion-conciencia-animal-de-entre-rios","tag-amparo","tag-ecoguay","tag-jineteadas","tag-justicia","tag-mariano-ramon-jurado","tag-oro-verde","tag-rechazo"],"_links":{"self":[{"href":"https:\/\/impactodenoticias.com.ar\/index.php?rest_route=\/wp\/v2\/posts\/30465","targetHints":{"allow":["GET"]}}],"collection":[{"href":"https:\/\/impactodenoticias.com.ar\/index.php?rest_route=\/wp\/v2\/posts"}],"about":[{"href":"https:\/\/impactodenoticias.com.ar\/index.php?rest_route=\/wp\/v2\/types\/post"}],"author":[{"embeddable":true,"href":"https:\/\/impactodenoticias.com.ar\/index.php?rest_route=\/wp\/v2\/users\/2"}],"replies":[{"embeddable":true,"href":"https:\/\/impactodenoticias.com.ar\/index.php?rest_route=%2Fwp%2Fv2%2Fcomments&post=30465"}],"version-history":[{"count":1,"href":"https:\/\/impactodenoticias.com.ar\/index.php?rest_route=\/wp\/v2\/posts\/30465\/revisions"}],"predecessor-version":[{"id":30467,"href":"https:\/\/impactodenoticias.com.ar\/index.php?rest_route=\/wp\/v2\/posts\/30465\/revisions\/30467"}],"wp:featuredmedia":[{"embeddable":true,"href":"https:\/\/impactodenoticias.com.ar\/index.php?rest_route=\/wp\/v2\/media\/30466"}],"wp:attachment":[{"href":"https:\/\/impactodenoticias.com.ar\/index.php?rest_route=%2Fwp%2Fv2%2Fmedia&parent=30465"}],"wp:term":[{"taxonomy":"category","embeddable":true,"href":"https:\/\/impactodenoticias.com.ar\/index.php?rest_route=%2Fwp%2Fv2%2Fcategories&post=30465"},{"taxonomy":"post_tag","embeddable":true,"href":"https:\/\/impactodenoticias.com.ar\/index.php?rest_route=%2Fwp%2Fv2%2Ftags&post=30465"}],"curies":[{"name":"wp","href":"https:\/\/api.w.org\/{rel}","templated":true}]}}