{"id":30478,"date":"2025-10-01T10:10:50","date_gmt":"2025-10-01T13:10:50","guid":{"rendered":"https:\/\/impactodenoticias.com.ar\/?p=30478"},"modified":"2025-10-02T17:34:30","modified_gmt":"2025-10-02T20:34:30","slug":"este-miercoles-comienza-el-cronograma-de-pagos-para-los-empleados-activos-y-pasivos-de-la-administracion-publica","status":"publish","type":"post","link":"https:\/\/impactodenoticias.com.ar\/?p=30478","title":{"rendered":"Este mi\u00e9rcoles comienza el cronograma de pagos para los empleados activos y pasivos de la administraci\u00f3n p\u00fablica"},"content":{"rendered":"\n<h2 class=\"wp-block-heading\">El gobierno provincial confirm\u00f3 que el cronograma de pagos para los haberes del mes de septiembre, a activos y pasivos de la administraci\u00f3n p\u00fablica de Entre R\u00edos, se inicia este mi\u00e9rcoles 1 de octubre. Los pagos se extender\u00e1n hasta el mi\u00e9rcoles 8 de octubre.<\/h2>\n\n\n\n<p>Cronograma de pagos<\/p>\n\n\n\n<ul class=\"wp-block-list\">\n<li>Mi\u00e9rcoles 01\/010\/2025: hasta 662.000 pesos.<\/li>\n\n\n\n<li>Jueves 02\/10\/2025: desde 662.001 hasta 882.000 pesos.<\/li>\n\n\n\n<li>Viernes 03\/10\/2025: desde 882.001 hasta 1.059.000 pesos.<\/li>\n\n\n\n<li>S\u00e1bado 04\/10\/2025: desde 1.059.001 hasta 1.345.000 pesos.<\/li>\n\n\n\n<li>Martes 07\/10\/2025: desde 1.345.001 hasta 1.860.000 pesos.<\/li>\n\n\n\n<li>Mi\u00e9rcoles 08\/10\/2025: superior a 1.860.001 pesos.<\/li>\n<\/ul>\n\n\n\n<p><\/p>\n","protected":false},"excerpt":{"rendered":"<p>El gobierno provincial confirm&oacute; que el cronograma de pagos para los haberes del mes de septiembre, a activos y pasivos de la administraci&oacute;n p&uacute;blica de Entre R&iacute;os, se inicia este mi&eacute;rcoles 1 de octubre. Los pagos se extender&aacute;n hasta el mi&eacute;rcoles 8 de octubre. Cronograma de pagos<\/p>\n","protected":false},"author":2,"featured_media":30479,"comment_status":"closed","ping_status":"closed","sticky":false,"template":"","format":"standard","meta":{"footnotes":""},"categories":[4,49],"tags":[320,842,33,559,1128],"class_list":["post-30478","post","type-post","status-publish","format-standard","has-post-thumbnail","hentry","category-provinciales","category-sociedad","tag-administracion","tag-cronograma","tag-entre-rios","tag-pagos","tag-publica"],"_links":{"self":[{"href":"https:\/\/impactodenoticias.com.ar\/index.php?rest_route=\/wp\/v2\/posts\/30478","targetHints":{"allow":["GET"]}}],"collection":[{"href":"https:\/\/impactodenoticias.com.ar\/index.php?rest_route=\/wp\/v2\/posts"}],"about":[{"href":"https:\/\/impactodenoticias.com.ar\/index.php?rest_route=\/wp\/v2\/types\/post"}],"author":[{"embeddable":true,"href":"https:\/\/impactodenoticias.com.ar\/index.php?rest_route=\/wp\/v2\/users\/2"}],"replies":[{"embeddable":true,"href":"https:\/\/impactodenoticias.com.ar\/index.php?rest_route=%2Fwp%2Fv2%2Fcomments&post=30478"}],"version-history":[{"count":1,"href":"https:\/\/impactodenoticias.com.ar\/index.php?rest_route=\/wp\/v2\/posts\/30478\/revisions"}],"predecessor-version":[{"id":30480,"href":"https:\/\/impactodenoticias.com.ar\/index.php?rest_route=\/wp\/v2\/posts\/30478\/revisions\/30480"}],"wp:featuredmedia":[{"embeddable":true,"href":"https:\/\/impactodenoticias.com.ar\/index.php?rest_route=\/wp\/v2\/media\/30479"}],"wp:attachment":[{"href":"https:\/\/impactodenoticias.com.ar\/index.php?rest_route=%2Fwp%2Fv2%2Fmedia&parent=30478"}],"wp:term":[{"taxonomy":"category","embeddable":true,"href":"https:\/\/impactodenoticias.com.ar\/index.php?rest_route=%2Fwp%2Fv2%2Fcategories&post=30478"},{"taxonomy":"post_tag","embeddable":true,"href":"https:\/\/impactodenoticias.com.ar\/index.php?rest_route=%2Fwp%2Fv2%2Ftags&post=30478"}],"curies":[{"name":"wp","href":"https:\/\/api.w.org\/{rel}","templated":true}]}}