{"id":30487,"date":"2025-10-01T10:28:20","date_gmt":"2025-10-01T13:28:20","guid":{"rendered":"https:\/\/impactodenoticias.com.ar\/?p=30487"},"modified":"2025-10-02T17:34:16","modified_gmt":"2025-10-02T20:34:16","slug":"sturzenegger-estara-en-la-ciudad-de-concordia-la-proxima-semana","status":"publish","type":"post","link":"https:\/\/impactodenoticias.com.ar\/?p=30487","title":{"rendered":"Sturzenegger estar\u00e1 en la ciudad de Concordia la pr\u00f3xima semana"},"content":{"rendered":"\n<h2 class=\"wp-block-heading\">La visita fue confirmada por Andr\u00e9s Laumann, candidato a diputado nacional por la alianza La Libertad Avanza.<\/h2>\n\n\n\n<p>Si bien no se inform\u00f3 a\u00fan el d\u00eda en que el funcionario nacional llegar\u00eda a la ciudad de Concordia, Laumann indic\u00f3 que la visita se enmarca en un despliegue territorial de cara a las elecciones legislativas de octubre.<\/p>\n\n\n\n<p>Seg\u00fan precis\u00f3, el recorrido se da tras el acuerdo electoral entre el gobierno de la Naci\u00f3n, encabezado por Javier Milei, y el gobierno de la provincia de Entre R\u00edos, encabezado por Rogelio Frigerio. \u201cEs un paso m\u00e1s en el fortalecimiento de esta alianza pol\u00edtica que busca consolidar la presencia en la regi\u00f3n\u201d, manifest\u00f3 el candidato.<\/p>\n\n\n\n<p>Federico Sturzenegger es actualmente ministro de Desregulaci\u00f3n y Transformaci\u00f3n del Estado del gobierno nacional. Economista de larga trayectoria, fue presidente del Banco Central de la Rep\u00fablica Argentina entre 2015 y 2018, durante la gesti\u00f3n de Mauricio Macri, y adem\u00e1s ocup\u00f3 cargos en el \u00e1rea econ\u00f3mica en distintas etapas de su carrera.<\/p>\n\n\n\n<p>Con estudios en la Universidad de San Andr\u00e9s, la Universidad Nacional de La Plata y un doctorado en el Instituto Tecnol\u00f3gico de Massachusetts (MIT), Sturzenegger es considerado una de las figuras centrales del gabinete de Milei, sobre todo en los recortes del proceso de desregulaci\u00f3n econ\u00f3mica y reforma del Estado.<\/p>\n\n\n\n<p>Es uno de los funcionarios m\u00e1s defensores de la pol\u00edtica de la \u201cmotosierra\u201d, al punto que recientemente adelant\u00f3 que \u201cnuestra propuesta va a ser motosierra en las provincias\u201d.<\/p>\n\n\n\n<p>La visita de Sturzenegger se suma a la otra presencia de alto impacto como la de este s\u00e1bado a la tarde, cuando el presidente Javier Milei se haga presente en Paran\u00e1. La visita hab\u00eda sido anunciada para el viernes, pero por superposici\u00f3n de agenda se reprogram\u00f3 para el fin de semana.<\/p>\n\n\n\n<p>En la ciudad de Paran\u00e1, Milei efectuar\u00e1 una recorrida por el Parque Urquiza al atardecer y podr\u00eda ser parte de un peque\u00f1o acto con dirigentes y militantes de la flamante alianza pol\u00edtica.<\/p>\n","protected":false},"excerpt":{"rendered":"<p>La visita fue confirmada por Andr&eacute;s Laumann, candidato a diputado nacional por la alianza La Libertad Avanza. Si bien no se inform&oacute; a&uacute;n el d&iacute;a en que el funcionario nacional llegar&iacute;a a la ciudad de Concordia, Laumann indic&oacute; que la visita se enmarca en un despliegue territorial de cara a las elecciones legislativas de octubre. [&hellip;]<\/p>\n","protected":false},"author":2,"featured_media":30488,"comment_status":"closed","ping_status":"closed","sticky":false,"template":"","format":"standard","meta":{"footnotes":""},"categories":[11,4],"tags":[1971,72,1109,5975,3076,39,267],"class_list":["post-30487","post","type-post","status-publish","format-standard","has-post-thumbnail","hentry","category-politica","category-provinciales","tag-campana","tag-concordia","tag-electoral","tag-federico-sturzenegger","tag-la-libertad-avanza","tag-rogelio-frigerio","tag-visita"],"_links":{"self":[{"href":"https:\/\/impactodenoticias.com.ar\/index.php?rest_route=\/wp\/v2\/posts\/30487","targetHints":{"allow":["GET"]}}],"collection":[{"href":"https:\/\/impactodenoticias.com.ar\/index.php?rest_route=\/wp\/v2\/posts"}],"about":[{"href":"https:\/\/impactodenoticias.com.ar\/index.php?rest_route=\/wp\/v2\/types\/post"}],"author":[{"embeddable":true,"href":"https:\/\/impactodenoticias.com.ar\/index.php?rest_route=\/wp\/v2\/users\/2"}],"replies":[{"embeddable":true,"href":"https:\/\/impactodenoticias.com.ar\/index.php?rest_route=%2Fwp%2Fv2%2Fcomments&post=30487"}],"version-history":[{"count":1,"href":"https:\/\/impactodenoticias.com.ar\/index.php?rest_route=\/wp\/v2\/posts\/30487\/revisions"}],"predecessor-version":[{"id":30489,"href":"https:\/\/impactodenoticias.com.ar\/index.php?rest_route=\/wp\/v2\/posts\/30487\/revisions\/30489"}],"wp:featuredmedia":[{"embeddable":true,"href":"https:\/\/impactodenoticias.com.ar\/index.php?rest_route=\/wp\/v2\/media\/30488"}],"wp:attachment":[{"href":"https:\/\/impactodenoticias.com.ar\/index.php?rest_route=%2Fwp%2Fv2%2Fmedia&parent=30487"}],"wp:term":[{"taxonomy":"category","embeddable":true,"href":"https:\/\/impactodenoticias.com.ar\/index.php?rest_route=%2Fwp%2Fv2%2Fcategories&post=30487"},{"taxonomy":"post_tag","embeddable":true,"href":"https:\/\/impactodenoticias.com.ar\/index.php?rest_route=%2Fwp%2Fv2%2Ftags&post=30487"}],"curies":[{"name":"wp","href":"https:\/\/api.w.org\/{rel}","templated":true}]}}