{"id":30490,"date":"2025-10-01T15:33:24","date_gmt":"2025-10-01T18:33:24","guid":{"rendered":"https:\/\/impactodenoticias.com.ar\/?p=30490"},"modified":"2025-10-02T17:34:20","modified_gmt":"2025-10-02T20:34:20","slug":"ate-denuncia-despidos-y-no-renovacion-de-contratos-en-obras-publicas","status":"publish","type":"post","link":"https:\/\/impactodenoticias.com.ar\/?p=30490","title":{"rendered":"ATE denuncia despidos y no renovaci\u00f3n de contratos en Obras P\u00fablicas"},"content":{"rendered":"\n<h2 class=\"wp-block-heading\">La Asociaci\u00f3n de los Trabajadores del Estado (ATE), en Gualeguaych\u00fa denunci\u00f3 que al menos cuatro empleados contratados de la Direcci\u00f3n de Obras P\u00fablicas del Municipio de Gualeguaych\u00fa fueron desvinculados.<\/h2>\n\n\n\n<p>Este mi\u00e9rcoles por la ma\u00f1ana, ATE present\u00f3 formalmente una denuncia ante la Secretar\u00eda de Trabajo de la Provincia por lo que consideran \u00abdespidos\u00bb.<\/p>\n\n\n\n<p>\u00abLa Municipalidad de Gualeguaych\u00fa, por decisi\u00f3n del intendente Mauricio Davico, resolvi\u00f3 la rescisi\u00f3n de contratos de trabajadores precarizados del \u00e1rea de Obras P\u00fablicas\u00bb, se\u00f1al\u00f3 Andr\u00e9s Ocampo, abogado de ATE.<\/p>\n\n\n\n<p>Ocampo agreg\u00f3 que se trata de \u00abempleados que no pertenecen a la planta permanente, y que en algunos casos directamente no recibieron la renovaci\u00f3n de sus v\u00ednculos laborales\u00bb. El gremio asegura que, \u00abal menos cuatro trabajadores ya quedaron sin empleo\u00bb.<\/p>\n\n\n\n<p>La desvinculaci\u00f3n de personal se da en el marco de asambleas laborales que se est\u00e1n realizando en el sector. <strong>Cabe se\u00f1alar que los reclamos de los empleados incluyen:<\/strong><\/p>\n\n\n\n<ul class=\"wp-block-list\">\n<li>Mejoras en las condiciones edilicias del \u00e1rea.<\/li>\n\n\n\n<li>Entrega de elementos de seguridad y ropa de trabajo.<\/li>\n\n\n\n<li>Cumplimiento de un presunto plus salarial que se habr\u00eda prometido a los empleados de la planta permanente.<\/li>\n<\/ul>\n\n\n\n<p>El asesor legal de ATE cuestion\u00f3 la decisi\u00f3n de la gesti\u00f3n municipal, destacando que \u00abEst\u00e1n atacando directamente a los trabajadores de Obras P\u00fablicas, cuando la misma gesti\u00f3n hab\u00eda sostenido que se trataba de un servicio esencial\u00bb. Y agreg\u00f3: \u00abSi realmente se considera esencial, no se puede dejar sin personal el \u00e1rea. Sin embargo, se est\u00e1n rescindiendo contratos y negando renovaciones\u00bb, finaliz\u00f3.<\/p>\n","protected":false},"excerpt":{"rendered":"<p>La Asociaci&oacute;n de los Trabajadores del Estado (ATE), en Gualeguaych&uacute; denunci&oacute; que al menos cuatro empleados contratados de la Direcci&oacute;n de Obras P&uacute;blicas del Municipio de Gualeguaych&uacute; fueron desvinculados. Este mi&eacute;rcoles por la ma&ntilde;ana, ATE present&oacute; formalmente una denuncia ante la Secretar&iacute;a de Trabajo de la Provincia por lo que consideran &laquo;despidos&raquo;. &laquo;La Municipalidad de [&hellip;]<\/p>\n","protected":false},"author":2,"featured_media":30491,"comment_status":"closed","ping_status":"closed","sticky":false,"template":"","format":"standard","meta":{"footnotes":""},"categories":[91,11,4],"tags":[103,68,5364,280,1059,756],"class_list":["post-30490","post","type-post","status-publish","format-standard","has-post-thumbnail","hentry","category-gremiales","category-politica","category-provinciales","tag-ate","tag-denuncia","tag-despidos","tag-gualeguaychu","tag-mauricio-davico","tag-obras-publicas"],"_links":{"self":[{"href":"https:\/\/impactodenoticias.com.ar\/index.php?rest_route=\/wp\/v2\/posts\/30490","targetHints":{"allow":["GET"]}}],"collection":[{"href":"https:\/\/impactodenoticias.com.ar\/index.php?rest_route=\/wp\/v2\/posts"}],"about":[{"href":"https:\/\/impactodenoticias.com.ar\/index.php?rest_route=\/wp\/v2\/types\/post"}],"author":[{"embeddable":true,"href":"https:\/\/impactodenoticias.com.ar\/index.php?rest_route=\/wp\/v2\/users\/2"}],"replies":[{"embeddable":true,"href":"https:\/\/impactodenoticias.com.ar\/index.php?rest_route=%2Fwp%2Fv2%2Fcomments&post=30490"}],"version-history":[{"count":1,"href":"https:\/\/impactodenoticias.com.ar\/index.php?rest_route=\/wp\/v2\/posts\/30490\/revisions"}],"predecessor-version":[{"id":30492,"href":"https:\/\/impactodenoticias.com.ar\/index.php?rest_route=\/wp\/v2\/posts\/30490\/revisions\/30492"}],"wp:featuredmedia":[{"embeddable":true,"href":"https:\/\/impactodenoticias.com.ar\/index.php?rest_route=\/wp\/v2\/media\/30491"}],"wp:attachment":[{"href":"https:\/\/impactodenoticias.com.ar\/index.php?rest_route=%2Fwp%2Fv2%2Fmedia&parent=30490"}],"wp:term":[{"taxonomy":"category","embeddable":true,"href":"https:\/\/impactodenoticias.com.ar\/index.php?rest_route=%2Fwp%2Fv2%2Fcategories&post=30490"},{"taxonomy":"post_tag","embeddable":true,"href":"https:\/\/impactodenoticias.com.ar\/index.php?rest_route=%2Fwp%2Fv2%2Ftags&post=30490"}],"curies":[{"name":"wp","href":"https:\/\/api.w.org\/{rel}","templated":true}]}}