{"id":30493,"date":"2025-10-01T19:08:25","date_gmt":"2025-10-01T22:08:25","guid":{"rendered":"https:\/\/impactodenoticias.com.ar\/?p=30493"},"modified":"2025-10-02T17:34:25","modified_gmt":"2025-10-02T20:34:25","slug":"una-designacion-que-despierta-dudas-y-criticas-alicia-fregonese-fue-elegida-como-candidata-a-diputada-nacional","status":"publish","type":"post","link":"https:\/\/impactodenoticias.com.ar\/?p=30493","title":{"rendered":"Una designaci\u00f3n que despierta dudas y cr\u00edticas: Alicia Fregonese fue elegida como candidata a Diputada nacional"},"content":{"rendered":"\n<h2 class=\"wp-block-heading\">Tras un a\u00f1o y medio al frente del Consejo General de Educaci\u00f3n (CGE), su trayectoria en el \u00e1mbito educativo deja m\u00e1s interrogantes que m\u00e9ritos, y su nominaci\u00f3n parece desconcertante, especialmente considerando su historial como legisladora nacional, donde se destac\u00f3 por su escasa participaci\u00f3n parlamentaria.<\/h2>\n\n\n\n<p>Durante su gesti\u00f3n al frente del CGE, Fregonese no logr\u00f3 consolidar avances significativos en el sistema educativo provincial, un sector que enfrent\u00f3 m\u00faltiples desaf\u00edos bajo la actual administraci\u00f3n. Su paso por el organismo estuvo marcado por decisiones controvertidas y una aparente desconexi\u00f3n con las necesidades de docentes, estudiantes y familias. La falta de respuestas efectivas desde el CGE ante problem\u00e1ticas cr\u00edticas ha dejado un saldo de descontento, evidenciando una gesti\u00f3n que, lejos de fortalecer la educaci\u00f3n, parece haber profundizado sus dificultades. Esta percepci\u00f3n plantea serias dudas sobre su capacidad para representar los intereses de la ciudadan\u00eda en el Congreso.<\/p>\n\n\n\n<p>Uno de los episodios m\u00e1s significativos durante su mandato fue el intento de cerrar tres centros educativos para adultos en el departamento, una medida que desat\u00f3 una fuerte reacci\u00f3n de la comunidad educativa. Solo la movilizaci\u00f3n de padres y docentes logr\u00f3 revertir esta decisi\u00f3n, destacando la ausencia de un rol activo y conciliador por parte del CGE. Asimismo, los reclamos relacionados con la Escuela Independencia expusieron una gesti\u00f3n que brill\u00f3 por su inacci\u00f3n, dejando a las familias y al personal educativo sin el respaldo necesario para resolver conflictos estructurales. Estos antecedentes pintan un panorama de desatenci\u00f3n que contrasta con la responsabilidad que implica liderar un organismo educativo.<\/p>\n\n\n\n<p>Otro caso que gener\u00f3 indignaci\u00f3n fue la recategorizaci\u00f3n a la baja de la Escuela Blanco Encalada en Ram\u00edrez, la primera instituci\u00f3n educativa de la ciudad. Esta medida, que afect\u00f3 directamente a la comunidad, fue recibida con rechazo y movilizaciones, evidenciando una vez m\u00e1s la falta de sensibilidad y planificaci\u00f3n en las pol\u00edticas educativas impulsadas bajo la direcci\u00f3n de Fregonese. La decisi\u00f3n no solo impact\u00f3 negativamente en el prestigio de la instituci\u00f3n, sino que tambi\u00e9n reflej\u00f3 una desconexi\u00f3n con las necesidades de los ciudadanos, quienes esperaban una gesti\u00f3n comprometida con la defensa de la educaci\u00f3n p\u00fablica.<\/p>\n\n\n\n<p>La designaci\u00f3n de Fregonese como candidata a diputada nacional resulta, en este contexto, dif\u00edcil de justificar. Premiar con una candidatura a una funcionaria cuya gesti\u00f3n ha sido cuestionada por su ineficacia y falta de compromiso con el sector educativo plantea interrogantes sobre las prioridades de quienes impulsan su postulaci\u00f3n. Mientras los docentes y estudiantes contin\u00faan enfrentando los efectos de pol\u00edticas educativas poco acertadas, la sociedad espera representantes que demuestren capacidad, compromiso y una verdadera vocaci\u00f3n de servicio. La trayectoria de Fregonese, tanto en el CGE como en su paso previo por el Congreso, no parece ofrecer garant\u00edas en este sentido, dejando un sabor amargo sobre lo que su eventual banca podr\u00eda significar para el futuro.<\/p>\n\n\n\n<p><strong>Fuente: Neo Net Music e Impacto de Noticias<\/strong><\/p>\n","protected":false},"excerpt":{"rendered":"<p>Tras un a&ntilde;o y medio al frente del Consejo General de Educaci&oacute;n (CGE), su trayectoria en el &aacute;mbito educativo deja m&aacute;s interrogantes que m&eacute;ritos, y su nominaci&oacute;n parece desconcertante, especialmente considerando su historial como legisladora nacional, donde se destac&oacute; por su escasa participaci&oacute;n parlamentaria. Durante su gesti&oacute;n al frente del CGE, Fregonese no logr&oacute; consolidar [&hellip;]<\/p>\n","protected":false},"author":2,"featured_media":30494,"comment_status":"closed","ping_status":"closed","sticky":false,"template":"","format":"standard","meta":{"footnotes":""},"categories":[11,4],"tags":[1435,5977,1237,1692],"class_list":["post-30493","post","type-post","status-publish","format-standard","has-post-thumbnail","hentry","category-politica","category-provinciales","tag-alicia-fregonese","tag-candidata","tag-diputada","tag-nacional"],"_links":{"self":[{"href":"https:\/\/impactodenoticias.com.ar\/index.php?rest_route=\/wp\/v2\/posts\/30493","targetHints":{"allow":["GET"]}}],"collection":[{"href":"https:\/\/impactodenoticias.com.ar\/index.php?rest_route=\/wp\/v2\/posts"}],"about":[{"href":"https:\/\/impactodenoticias.com.ar\/index.php?rest_route=\/wp\/v2\/types\/post"}],"author":[{"embeddable":true,"href":"https:\/\/impactodenoticias.com.ar\/index.php?rest_route=\/wp\/v2\/users\/2"}],"replies":[{"embeddable":true,"href":"https:\/\/impactodenoticias.com.ar\/index.php?rest_route=%2Fwp%2Fv2%2Fcomments&post=30493"}],"version-history":[{"count":1,"href":"https:\/\/impactodenoticias.com.ar\/index.php?rest_route=\/wp\/v2\/posts\/30493\/revisions"}],"predecessor-version":[{"id":30495,"href":"https:\/\/impactodenoticias.com.ar\/index.php?rest_route=\/wp\/v2\/posts\/30493\/revisions\/30495"}],"wp:featuredmedia":[{"embeddable":true,"href":"https:\/\/impactodenoticias.com.ar\/index.php?rest_route=\/wp\/v2\/media\/30494"}],"wp:attachment":[{"href":"https:\/\/impactodenoticias.com.ar\/index.php?rest_route=%2Fwp%2Fv2%2Fmedia&parent=30493"}],"wp:term":[{"taxonomy":"category","embeddable":true,"href":"https:\/\/impactodenoticias.com.ar\/index.php?rest_route=%2Fwp%2Fv2%2Fcategories&post=30493"},{"taxonomy":"post_tag","embeddable":true,"href":"https:\/\/impactodenoticias.com.ar\/index.php?rest_route=%2Fwp%2Fv2%2Ftags&post=30493"}],"curies":[{"name":"wp","href":"https:\/\/api.w.org\/{rel}","templated":true}]}}