{"id":30499,"date":"2025-10-02T17:21:02","date_gmt":"2025-10-02T20:21:02","guid":{"rendered":"https:\/\/impactodenoticias.com.ar\/?p=30499"},"modified":"2025-10-02T17:21:03","modified_gmt":"2025-10-02T20:21:03","slug":"villaguay-una-mujer-fue-hospitalizada-tras-protagonizar-un-choque-con-un-auto","status":"publish","type":"post","link":"https:\/\/impactodenoticias.com.ar\/?p=30499","title":{"rendered":"Villaguay: una mujer fue hospitalizada tras protagonizar un choque con un auto"},"content":{"rendered":"\n<h2 class=\"wp-block-heading\">Un auto y una moto chocaron este jueves en horas de la ma\u00f1ana en una esquina c\u00e9ntrica en la ciudad de Villaguay y la mujer que conduc\u00eda la moto termin\u00f3 con lesiones graves, por lo que tuvo que ser derivada al hospital.<\/h2>\n\n\n\n<p>El accidente vial ocurri\u00f3 este jueves cerca de las 9:45 en la esquina de calles Moreno y Alem, ante la delegaci\u00f3n local de OSER (ex IOSPER).<\/p>\n\n\n\n<p>En el lugar colisionaron un Peugeot 307, conducido por un hombre de 36 a\u00f1os de edad, y una moto Siam de 110 cilindradas, en la que iba una mujer de 32 a\u00f1os de edad, seg\u00fan informaci\u00f3n brindada por la Polic\u00eda.<\/p>\n\n\n\n<p>La motociclista fue r\u00e1pidamente trasladada al Hospital Santa Rosa para su atenci\u00f3n m\u00e9dica. Ten\u00eda lesiones de car\u00e1cter graves: fractura de tibia y peron\u00e9.<\/p>\n\n\n\n<p>En el procedimiento intervinieron personal de Comando Radioel\u00e9ctrico, las actuaciones a cargo del oficial de la Secci\u00f3n Judiciales y las pericias a cargo de la Polic\u00eda Cient\u00edfica. Colabor\u00f3 Direcci\u00f3n Tr\u00e1nsito Municipal.<\/p>\n","protected":false},"excerpt":{"rendered":"<p>Un auto y una moto chocaron este jueves en horas de la ma&ntilde;ana en una esquina c&eacute;ntrica en la ciudad de Villaguay y la mujer que conduc&iacute;a la moto termin&oacute; con lesiones graves, por lo que tuvo que ser derivada al hospital. El accidente vial ocurri&oacute; este jueves cerca de las 9:45 en la esquina [&hellip;]<\/p>\n","protected":false},"author":2,"featured_media":30500,"comment_status":"closed","ping_status":"closed","sticky":false,"template":"","format":"standard","meta":{"footnotes":""},"categories":[8,4],"tags":[120,507,2055,388,182,118,55],"class_list":["post-30499","post","type-post","status-publish","format-standard","has-post-thumbnail","hentry","category-policiales","category-provinciales","tag-accidente","tag-auto","tag-herida","tag-moto","tag-mujer","tag-policiales","tag-villaguay"],"_links":{"self":[{"href":"https:\/\/impactodenoticias.com.ar\/index.php?rest_route=\/wp\/v2\/posts\/30499","targetHints":{"allow":["GET"]}}],"collection":[{"href":"https:\/\/impactodenoticias.com.ar\/index.php?rest_route=\/wp\/v2\/posts"}],"about":[{"href":"https:\/\/impactodenoticias.com.ar\/index.php?rest_route=\/wp\/v2\/types\/post"}],"author":[{"embeddable":true,"href":"https:\/\/impactodenoticias.com.ar\/index.php?rest_route=\/wp\/v2\/users\/2"}],"replies":[{"embeddable":true,"href":"https:\/\/impactodenoticias.com.ar\/index.php?rest_route=%2Fwp%2Fv2%2Fcomments&post=30499"}],"version-history":[{"count":1,"href":"https:\/\/impactodenoticias.com.ar\/index.php?rest_route=\/wp\/v2\/posts\/30499\/revisions"}],"predecessor-version":[{"id":30501,"href":"https:\/\/impactodenoticias.com.ar\/index.php?rest_route=\/wp\/v2\/posts\/30499\/revisions\/30501"}],"wp:featuredmedia":[{"embeddable":true,"href":"https:\/\/impactodenoticias.com.ar\/index.php?rest_route=\/wp\/v2\/media\/30500"}],"wp:attachment":[{"href":"https:\/\/impactodenoticias.com.ar\/index.php?rest_route=%2Fwp%2Fv2%2Fmedia&parent=30499"}],"wp:term":[{"taxonomy":"category","embeddable":true,"href":"https:\/\/impactodenoticias.com.ar\/index.php?rest_route=%2Fwp%2Fv2%2Fcategories&post=30499"},{"taxonomy":"post_tag","embeddable":true,"href":"https:\/\/impactodenoticias.com.ar\/index.php?rest_route=%2Fwp%2Fv2%2Ftags&post=30499"}],"curies":[{"name":"wp","href":"https:\/\/api.w.org\/{rel}","templated":true}]}}