{"id":30511,"date":"2025-10-02T21:23:52","date_gmt":"2025-10-03T00:23:52","guid":{"rendered":"https:\/\/impactodenoticias.com.ar\/?p=30511"},"modified":"2025-10-06T12:09:05","modified_gmt":"2025-10-06T15:09:05","slug":"el-senado-rechazo-los-vetos-presidenciales-en-garrahan-y-universidades-una-vez-mas-alfredo-de-angeli-en-contra-del-hospital-garrahan","status":"publish","type":"post","link":"https:\/\/impactodenoticias.com.ar\/?p=30511","title":{"rendered":"El Senado rechaz\u00f3 los vetos presidenciales en Garrahan y universidades: una vez m\u00e1s Alfredo De Angeli en contra del hospital Garrahan"},"content":{"rendered":"\n<h2 class=\"wp-block-heading\">Stefan\u00eda Cora y Stella Maris Olalla apoyaron, sin embargo Alfredo De Angeli se abstuvo en las votaciones para definir la insistencia o no de la Emergencia Pedi\u00e1trica y Financiamiento Universitario.<\/h2>\n\n\n\n<p>Tal como sucedi\u00f3 el d\u00eda que se sancion\u00f3 el proyecto de ley \u2013 22 de agosto del 2025-, los representantes entrerrianos en la C\u00e1mara de Senadores no votaron del mismo modo, en las votaciones para definir la insistencia de la Emergencia Pedi\u00e1trica y Financiamiento Universitario.<\/p>\n\n\n\n<p>Stefan\u00eda Cora (UxP) y Stella Maris Olalla (UCR) rechazaron el veto presidencial por lo que volvieron a apoyar los proyectos tal como en la sesi\u00f3n que se sancionaron. En el recinto Cora hizo uso de la palabra y sostuvo que era \u201cinaudito\u201d debatir ambas leyes. \u201cSe vet\u00f3 con la excusa del d\u00e9ficit cero pero nada tiene que ver con eso y que el principal problema que tiene Milei es que en la ecuaci\u00f3n que est\u00e1 armando siempre le van a faltar d\u00f3lares\u201d.<\/p>\n\n\n\n<p>Diferente fue la situaci\u00f3n de Alfredo de Angeli \u2013presidente del Bloque del PRO en Senadores- ya que respald\u00f3 indirectamente el veto absteni\u00e9ndose de ambas leyes. Vale recordar que en la sesi\u00f3n que se sancionaron los proyectos, el senador no estuvo presente.<\/p>\n","protected":false},"excerpt":{"rendered":"<p>Stefan&iacute;a Cora y Stella Maris Olalla apoyaron, sin embargo Alfredo De Angeli se abstuvo en las votaciones para definir la insistencia o no de la Emergencia Pedi&aacute;trica y Financiamiento Universitario. Tal como sucedi&oacute; el d&iacute;a que se sancion&oacute; el proyecto de ley &ndash; 22 de agosto del 2025-, los representantes entrerrianos en la C&aacute;mara de [&hellip;]<\/p>\n","protected":false},"author":2,"featured_media":30512,"comment_status":"closed","ping_status":"closed","sticky":false,"template":"","format":"standard","meta":{"footnotes":""},"categories":[11,4,49],"tags":[3022,5985,141,212,288,2717,5983,2350,5982,5984],"class_list":["post-30511","post","type-post","status-publish","format-standard","has-post-thumbnail","hentry","category-politica","category-provinciales","category-sociedad","tag-alfredo-de-angeli","tag-garrahan","tag-hospital","tag-javier-milei","tag-senado","tag-stefania-cora","tag-stella-maris-olalla","tag-universidades","tag-vetos","tag-vetps"],"_links":{"self":[{"href":"https:\/\/impactodenoticias.com.ar\/index.php?rest_route=\/wp\/v2\/posts\/30511","targetHints":{"allow":["GET"]}}],"collection":[{"href":"https:\/\/impactodenoticias.com.ar\/index.php?rest_route=\/wp\/v2\/posts"}],"about":[{"href":"https:\/\/impactodenoticias.com.ar\/index.php?rest_route=\/wp\/v2\/types\/post"}],"author":[{"embeddable":true,"href":"https:\/\/impactodenoticias.com.ar\/index.php?rest_route=\/wp\/v2\/users\/2"}],"replies":[{"embeddable":true,"href":"https:\/\/impactodenoticias.com.ar\/index.php?rest_route=%2Fwp%2Fv2%2Fcomments&post=30511"}],"version-history":[{"count":1,"href":"https:\/\/impactodenoticias.com.ar\/index.php?rest_route=\/wp\/v2\/posts\/30511\/revisions"}],"predecessor-version":[{"id":30513,"href":"https:\/\/impactodenoticias.com.ar\/index.php?rest_route=\/wp\/v2\/posts\/30511\/revisions\/30513"}],"wp:featuredmedia":[{"embeddable":true,"href":"https:\/\/impactodenoticias.com.ar\/index.php?rest_route=\/wp\/v2\/media\/30512"}],"wp:attachment":[{"href":"https:\/\/impactodenoticias.com.ar\/index.php?rest_route=%2Fwp%2Fv2%2Fmedia&parent=30511"}],"wp:term":[{"taxonomy":"category","embeddable":true,"href":"https:\/\/impactodenoticias.com.ar\/index.php?rest_route=%2Fwp%2Fv2%2Fcategories&post=30511"},{"taxonomy":"post_tag","embeddable":true,"href":"https:\/\/impactodenoticias.com.ar\/index.php?rest_route=%2Fwp%2Fv2%2Ftags&post=30511"}],"curies":[{"name":"wp","href":"https:\/\/api.w.org\/{rel}","templated":true}]}}