{"id":30514,"date":"2025-10-03T08:04:05","date_gmt":"2025-10-03T11:04:05","guid":{"rendered":"https:\/\/impactodenoticias.com.ar\/?p=30514"},"modified":"2025-10-03T08:04:05","modified_gmt":"2025-10-03T11:04:05","slug":"concordia-arrestaron-a-un-hombre-por-la-tenencia-de-cocaina","status":"publish","type":"post","link":"https:\/\/impactodenoticias.com.ar\/?p=30514","title":{"rendered":"Concordia: arrestaron a un hombre por la tenencia de coca\u00edna"},"content":{"rendered":"\n<h2 class=\"wp-block-heading\">Detuvieron a un hombre este jueves en Concordia por tenencia de drogas. El procedimiento fue realizado por el personal de la Divisi\u00f3n Investigaciones e Inteligencia Criminal que se encontraba de recorrida por calles boulevard Yuqueri y C\u00f3rdoba.<\/h2>\n\n\n\n<p>Los agentes onservaron a una persona en una motocicleta 110 cc, sin dominio colocado, al acercarse y dar la voz de alto, para poder identificarlo, el sujeto trat\u00f3 de darse a la fuga y arroj\u00f3 en su huida una media desde su bolsillo, finalmente fue alcanzado a los pocos metros.<\/p>\n\n\n\n<p>Intervino en el lugar la Divisi\u00f3n Drogas Peligrosas debido a que en el interior de la media hab\u00eda una sustancia porosa de color blanca, la que constataron se tratar\u00eda de una piedra compacta de coca\u00edna de 56 gramos.<\/p>\n\n\n\n<p><\/p>\n\n\n\n<figure class=\"wp-block-image size-full\"><img loading=\"lazy\" decoding=\"async\" width=\"696\" height=\"928\" src=\"https:\/\/impactodenoticias.com.ar\/wp-content\/uploads\/2025\/10\/Detenido-Concordia-Cocaina.webp\" alt=\"\" class=\"wp-image-30515\" srcset=\"https:\/\/impactodenoticias.com.ar\/wp-content\/uploads\/2025\/10\/Detenido-Concordia-Cocaina.webp 696w, https:\/\/impactodenoticias.com.ar\/wp-content\/uploads\/2025\/10\/Detenido-Concordia-Cocaina-225x300.webp 225w\" sizes=\"auto, (max-width: 696px) 100vw, 696px\" \/><\/figure>\n\n\n\n<p><\/p>\n\n\n\n<p>La Fiscal Julia Rivoira orden\u00f3 el secuestro de estupefacientes, de la motocicleta en la que se trasladaba el ahora detenido y la aprehensi\u00f3n del sujeto, un hombre de 41 a\u00f1os.<\/p>\n","protected":false},"excerpt":{"rendered":"<p>Detuvieron a un hombre este jueves en Concordia por tenencia de drogas. El procedimiento fue realizado por el personal de la Divisi&oacute;n Investigaciones e Inteligencia Criminal que se encontraba de recorrida por calles boulevard Yuqueri y C&oacute;rdoba. Los agentes onservaron a una persona en una motocicleta 110 cc, sin dominio colocado, al acercarse y dar [&hellip;]<\/p>\n","protected":false},"author":2,"featured_media":30516,"comment_status":"closed","ping_status":"closed","sticky":false,"template":"","format":"standard","meta":{"footnotes":""},"categories":[8,4],"tags":[74,72,175,118],"class_list":["post-30514","post","type-post","status-publish","format-standard","has-post-thumbnail","hentry","category-policiales","category-provinciales","tag-cocaina","tag-concordia","tag-detenido","tag-policiales"],"_links":{"self":[{"href":"https:\/\/impactodenoticias.com.ar\/index.php?rest_route=\/wp\/v2\/posts\/30514","targetHints":{"allow":["GET"]}}],"collection":[{"href":"https:\/\/impactodenoticias.com.ar\/index.php?rest_route=\/wp\/v2\/posts"}],"about":[{"href":"https:\/\/impactodenoticias.com.ar\/index.php?rest_route=\/wp\/v2\/types\/post"}],"author":[{"embeddable":true,"href":"https:\/\/impactodenoticias.com.ar\/index.php?rest_route=\/wp\/v2\/users\/2"}],"replies":[{"embeddable":true,"href":"https:\/\/impactodenoticias.com.ar\/index.php?rest_route=%2Fwp%2Fv2%2Fcomments&post=30514"}],"version-history":[{"count":1,"href":"https:\/\/impactodenoticias.com.ar\/index.php?rest_route=\/wp\/v2\/posts\/30514\/revisions"}],"predecessor-version":[{"id":30517,"href":"https:\/\/impactodenoticias.com.ar\/index.php?rest_route=\/wp\/v2\/posts\/30514\/revisions\/30517"}],"wp:featuredmedia":[{"embeddable":true,"href":"https:\/\/impactodenoticias.com.ar\/index.php?rest_route=\/wp\/v2\/media\/30516"}],"wp:attachment":[{"href":"https:\/\/impactodenoticias.com.ar\/index.php?rest_route=%2Fwp%2Fv2%2Fmedia&parent=30514"}],"wp:term":[{"taxonomy":"category","embeddable":true,"href":"https:\/\/impactodenoticias.com.ar\/index.php?rest_route=%2Fwp%2Fv2%2Fcategories&post=30514"},{"taxonomy":"post_tag","embeddable":true,"href":"https:\/\/impactodenoticias.com.ar\/index.php?rest_route=%2Fwp%2Fv2%2Ftags&post=30514"}],"curies":[{"name":"wp","href":"https:\/\/api.w.org\/{rel}","templated":true}]}}