{"id":30524,"date":"2025-10-03T08:20:52","date_gmt":"2025-10-03T11:20:52","guid":{"rendered":"https:\/\/impactodenoticias.com.ar\/?p=30524"},"modified":"2025-10-03T08:20:52","modified_gmt":"2025-10-03T11:20:52","slug":"rosario-tras-un-allanamiento-rescataron-a-una-mujer-que-estaba-esclavizada-por-una-familia-hace-22-anos","status":"publish","type":"post","link":"https:\/\/impactodenoticias.com.ar\/?p=30524","title":{"rendered":"Rosario: tras un allanamiento rescataron a una mujer que estaba esclavizada por una familia hace 22 a\u00f1os"},"content":{"rendered":"\n<h2 class=\"wp-block-heading\">Una mujer de 36 a\u00f1os fue rescatada este jueves en un allanamiento que realiz\u00f3 la Divisi\u00f3n Unidad Operativa de Investigaciones Especiales (DUOIE) de la Polic\u00eda Federal de Rosario en Montevideo al 100, en barrio Martin.<\/h2>\n\n\n\n<p>Seg\u00fan las tareas de fiscales federales locales, la v\u00edctima estaba esclavizada por una familia desde sus 14 a\u00f1os, para quien hac\u00eda tareas dom\u00e9sticas y estaba al cuidado de personas adultas sin paga alguna.<\/p>\n\n\n\n<p>Seg\u00fan los datos recolectados por medios locales, la mujer fue tra\u00edda desde Corrientes. Se preservan detalles para no revictimizar a la persona que, seg\u00fan le relat\u00f3 a la cronista Almudena Munera en De 12 a 14 (El Tres), desconoc\u00eda cu\u00e1les eran sus derechos, lo que ilustra su estado de vulnerabilidad.<\/p>\n\n\n\n<p>Otro de los procedimientos ordenados por la Justicia, fue llevado adelante en otra casa de los sospechosos radicada en Pueblo Esther, donde se secuestr\u00f3 un rifle y un rev\u00f3lver. Los dos operativos fueron autorizados por el juez de Garant\u00edas Rom\u00e1n Lanz\u00f3n.<\/p>\n\n\n\n<p>El detenido Enrique S. qued\u00f3 a disposici\u00f3n de los fiscales federales Javier Arzubi Calvo, Soledad Garc\u00eda, Mar\u00eda Virginia Sosa y Andr\u00e9s Montefeltro, quienes coordinaron el trabajo con la Secretar\u00eda de Derechos Humanos de Santa Fe y la Defensor\u00eda del Pueblo.<\/p>\n","protected":false},"excerpt":{"rendered":"<p>Una mujer de 36 a&ntilde;os fue rescatada este jueves en un allanamiento que realiz&oacute; la Divisi&oacute;n Unidad Operativa de Investigaciones Especiales (DUOIE) de la Polic&iacute;a Federal de Rosario en Montevideo al 100, en barrio Martin. Seg&uacute;n las tareas de fiscales federales locales, la v&iacute;ctima estaba esclavizada por una familia desde sus 14 a&ntilde;os, para quien [&hellip;]<\/p>\n","protected":false},"author":2,"featured_media":30525,"comment_status":"closed","ping_status":"closed","sticky":false,"template":"","format":"standard","meta":{"footnotes":""},"categories":[90,8,4],"tags":[180,5988,182,118,967,373],"class_list":["post-30524","post","type-post","status-publish","format-standard","has-post-thumbnail","hentry","category-judicial","category-policiales","category-provinciales","tag-corrientes","tag-esclavizada","tag-mujer","tag-policiales","tag-rescate","tag-rosario"],"_links":{"self":[{"href":"https:\/\/impactodenoticias.com.ar\/index.php?rest_route=\/wp\/v2\/posts\/30524","targetHints":{"allow":["GET"]}}],"collection":[{"href":"https:\/\/impactodenoticias.com.ar\/index.php?rest_route=\/wp\/v2\/posts"}],"about":[{"href":"https:\/\/impactodenoticias.com.ar\/index.php?rest_route=\/wp\/v2\/types\/post"}],"author":[{"embeddable":true,"href":"https:\/\/impactodenoticias.com.ar\/index.php?rest_route=\/wp\/v2\/users\/2"}],"replies":[{"embeddable":true,"href":"https:\/\/impactodenoticias.com.ar\/index.php?rest_route=%2Fwp%2Fv2%2Fcomments&post=30524"}],"version-history":[{"count":1,"href":"https:\/\/impactodenoticias.com.ar\/index.php?rest_route=\/wp\/v2\/posts\/30524\/revisions"}],"predecessor-version":[{"id":30526,"href":"https:\/\/impactodenoticias.com.ar\/index.php?rest_route=\/wp\/v2\/posts\/30524\/revisions\/30526"}],"wp:featuredmedia":[{"embeddable":true,"href":"https:\/\/impactodenoticias.com.ar\/index.php?rest_route=\/wp\/v2\/media\/30525"}],"wp:attachment":[{"href":"https:\/\/impactodenoticias.com.ar\/index.php?rest_route=%2Fwp%2Fv2%2Fmedia&parent=30524"}],"wp:term":[{"taxonomy":"category","embeddable":true,"href":"https:\/\/impactodenoticias.com.ar\/index.php?rest_route=%2Fwp%2Fv2%2Fcategories&post=30524"},{"taxonomy":"post_tag","embeddable":true,"href":"https:\/\/impactodenoticias.com.ar\/index.php?rest_route=%2Fwp%2Fv2%2Ftags&post=30524"}],"curies":[{"name":"wp","href":"https:\/\/api.w.org\/{rel}","templated":true}]}}