{"id":30527,"date":"2025-10-03T08:55:10","date_gmt":"2025-10-03T11:55:10","guid":{"rendered":"https:\/\/impactodenoticias.com.ar\/?p=30527"},"modified":"2025-10-06T12:08:51","modified_gmt":"2025-10-06T15:08:51","slug":"podria-haber-un-nuevo-paro-de-colectivos-urbanos-en-parana","status":"publish","type":"post","link":"https:\/\/impactodenoticias.com.ar\/?p=30527","title":{"rendered":"Podr\u00eda haber un nuevo paro de colectivos urbanos en Paran\u00e1"},"content":{"rendered":"\n<h2 class=\"wp-block-heading\">Choferes de las l\u00edneas de transporte urbano de pasajeros de Paran\u00e1 en alerta y a la expectativa que el lunes, cuarto d\u00eda h\u00e1bil del mes, se efectivice el pago completo de los salarios correspondientes a septiembre de 2025.<\/h2>\n\n\n\n<p>Seg\u00fan informaron los choferes de colectivos, este viernes podr\u00e1n saber con exactitud si se concret\u00f3 el giro de fondos, tanto de la Municipalidad de Paran\u00e1 como de la Provincia, a la empresa Buses Paran\u00e1, con los que se abonar\u00e1n los salarios de choferes de las empresas que circulan tanto en el \u00e1rea urbana como en la Metropolitana.<\/p>\n\n\n\n<p>Cabe recordar que en septiembre Paran\u00e1 estuvo siete d\u00edas sin circulaci\u00f3n del transporte urbano de pasajeros, mientras los del \u00e1rea metropolitana funcionaron con normalidad.<\/p>\n\n\n\n<p>\u00abEstamos a la espera\u00bb, indic\u00f3 el chofer y record\u00f3 lo ocurrido poco tiempo atr\u00e1s, cuando Paran\u00e1 estuvo sin colectivos urbanos desde las primeras horas del viernes 5 de setiembre y a lo largo de siete d\u00edas, por el paro que UTA lanz\u00f3 porque Buses Paran\u00e1 (Mariano Moreno y ERSA) hab\u00edan pagado a los trabajadores s\u00f3lo la mitad de los haberes del mes anterior.<\/p>\n\n\n\n<p>Con posterioridad, los empleados de Buses recibieron un 25% m\u00e1s de sus sueldos de agosto, pero la medida de fuerza se mantuvo hasta percibir la liquidaci\u00f3n total.<\/p>\n\n\n\n<p>Cabe recordar que la liquidaci\u00f3n de esos haberes adeudados motiv\u00f3 gestiones muy intensas de los gobiernos provincial y municipal durante los \u00faltimos d\u00edas. Cada uno de esos niveles de gobierno administra distintas l\u00edneas de colectivos que recorren la ciudad de Paran\u00e1 y su \u00c1rea Metropolitana, a partir de un cambio de gesti\u00f3n implementado el a\u00f1o pasado.<\/p>\n\n\n\n<p>Mientras que el Municipio paranaense se hace cargo de las l\u00edneas que circulan solamente dentro de la ciudad (1, 2, 3, 5, 7, 8, 9, 10 ,11\/21, 14, 16 y 23), la Provincia gestiona las que circulan hasta Oro Verde, Colonia Avellaneda, San Benito y dem\u00e1s localidades metropolitanas, que pasaron a considerarse servicio interurbano (4, 6, 12, 15, 17, 20, 22 y 24). Estas l\u00edneas continuaron operando normalmente todos estos d\u00edas, ya que sus choferes hab\u00edan percibido la totalidad de sus haberes.<\/p>\n","protected":false},"excerpt":{"rendered":"<p>Choferes de las l&iacute;neas de transporte urbano de pasajeros de Paran&aacute; en alerta y a la expectativa que el lunes, cuarto d&iacute;a h&aacute;bil del mes, se efectivice el pago completo de los salarios correspondientes a septiembre de 2025. Seg&uacute;n informaron los choferes de colectivos, este viernes podr&aacute;n saber con exactitud si se concret&oacute; el giro [&hellip;]<\/p>\n","protected":false},"author":2,"featured_media":30528,"comment_status":"closed","ping_status":"closed","sticky":false,"template":"","format":"standard","meta":{"footnotes":""},"categories":[91,3,11],"tags":[348,3318,95,59],"class_list":["post-30527","post","type-post","status-publish","format-standard","has-post-thumbnail","hentry","category-gremiales","category-locales","category-politica","tag-colectivos","tag-haberes","tag-parana","tag-paro"],"_links":{"self":[{"href":"https:\/\/impactodenoticias.com.ar\/index.php?rest_route=\/wp\/v2\/posts\/30527","targetHints":{"allow":["GET"]}}],"collection":[{"href":"https:\/\/impactodenoticias.com.ar\/index.php?rest_route=\/wp\/v2\/posts"}],"about":[{"href":"https:\/\/impactodenoticias.com.ar\/index.php?rest_route=\/wp\/v2\/types\/post"}],"author":[{"embeddable":true,"href":"https:\/\/impactodenoticias.com.ar\/index.php?rest_route=\/wp\/v2\/users\/2"}],"replies":[{"embeddable":true,"href":"https:\/\/impactodenoticias.com.ar\/index.php?rest_route=%2Fwp%2Fv2%2Fcomments&post=30527"}],"version-history":[{"count":1,"href":"https:\/\/impactodenoticias.com.ar\/index.php?rest_route=\/wp\/v2\/posts\/30527\/revisions"}],"predecessor-version":[{"id":30529,"href":"https:\/\/impactodenoticias.com.ar\/index.php?rest_route=\/wp\/v2\/posts\/30527\/revisions\/30529"}],"wp:featuredmedia":[{"embeddable":true,"href":"https:\/\/impactodenoticias.com.ar\/index.php?rest_route=\/wp\/v2\/media\/30528"}],"wp:attachment":[{"href":"https:\/\/impactodenoticias.com.ar\/index.php?rest_route=%2Fwp%2Fv2%2Fmedia&parent=30527"}],"wp:term":[{"taxonomy":"category","embeddable":true,"href":"https:\/\/impactodenoticias.com.ar\/index.php?rest_route=%2Fwp%2Fv2%2Fcategories&post=30527"},{"taxonomy":"post_tag","embeddable":true,"href":"https:\/\/impactodenoticias.com.ar\/index.php?rest_route=%2Fwp%2Fv2%2Ftags&post=30527"}],"curies":[{"name":"wp","href":"https:\/\/api.w.org\/{rel}","templated":true}]}}