{"id":30530,"date":"2025-10-05T12:42:26","date_gmt":"2025-10-05T15:42:26","guid":{"rendered":"https:\/\/impactodenoticias.com.ar\/?p=30530"},"modified":"2025-10-07T11:54:36","modified_gmt":"2025-10-07T14:54:36","slug":"milei-en-parana-show-electoral-promesas-ambiguas-y-el-patetico-rol-de-frigerio","status":"publish","type":"post","link":"https:\/\/impactodenoticias.com.ar\/?p=30530","title":{"rendered":"Milei en Paran\u00e1: show electoral, promesas ambiguas y el pat\u00e9tico rol de Frigerio"},"content":{"rendered":"\n<h2 class=\"wp-block-heading\">Mientras el presidente vend\u00eda anuncios vac\u00edos, las calles se llenaron de protestas y reclamos. El gobernador Frigerio acompa\u00f1\u00f3 el acto, en una postal de sumisi\u00f3n pol\u00edtica.<\/h2>\n\n\n\n<ul class=\"wp-block-list\">\n<li><strong>Por AD<\/strong><\/li>\n<\/ul>\n\n\n\n<p>La visita presidencial de Javier Milei a Paran\u00e1, Entre R\u00edos, se movi\u00f3 entre discursos grandilocuentes, promesas sin respaldo y una fuerte custodia, el mandatario nacional busc\u00f3 mostrarse cercano al interior, pero encontr\u00f3 una ciudad movilizada, con vecinos, sindicatos y estudiantes que salieron a las calles para repudiar sus pol\u00edticas de ajuste.<\/p>\n\n\n\n<p>Y en ese escenario, Rogelio Frigerio, el gobernador anfitri\u00f3n, se movi\u00f3 con perfil bajo, entre aplausos forzados y silencios inc\u00f3modos.<\/p>\n\n\n\n<p><strong>M\u00e1s pompa que sustancia<\/strong><\/p>\n\n\n\n<p>Durante el acto oficial en la costanera, Milei anunci\u00f3 la incorporaci\u00f3n de los tramos Paran\u00e1 Bravo y Paran\u00e1 Guaz\u00fa dentro de la licitaci\u00f3n de la hidrov\u00eda, con el objetivo de ampliar la profundidad de 25 a 34 pies, \u201cbajo gesti\u00f3n del sector privado\u201d.<\/p>\n\n\n\n<p>La propuesta fue celebrada como \u201cuna reparaci\u00f3n hist\u00f3rica\u201d para Entre R\u00edos, aunque el anuncio dej\u00f3 m\u00e1s interrogantes que certezas:<\/p>\n\n\n\n<p>\u00bfQui\u00e9n controlar\u00e1 los costos? \u00bfQu\u00e9 rol tendr\u00e1 el Estado provincial? \u00bfY qui\u00e9n se beneficiar\u00e1 realmente con las concesiones?<\/p>\n\n\n\n<p>Con antecedentes de contratos opacos y privatizaciones fallidas, el esquema promete m\u00e1s negocio para los grandes grupos econ\u00f3micos que desarrollo para la regi\u00f3n.<\/p>\n\n\n\n<p>Mientras tanto, el clima fue de pura teatralidad: escenograf\u00eda cuidada, columnas de seguidores libertarios, banderas, camionetas oficiales y una militancia importada. Sin embargo, a pocos metros del escenario, la otra postal del d\u00eda fue el descontento popular.<\/p>\n\n\n\n<p><strong>El otro escenario: protestas, reclamos y represi\u00f3n<\/strong><\/p>\n\n\n\n<p>Mientras el presidente hablaba rodeado de una fuerte custodia, docentes, jubilados, trabajadores de la salud, de vialidad, diversos gremios, universitarios y movimientos sociales se congregaban en distintos puntos de la ciudad.<\/p>\n\n\n\n<p>Con pancartas que dec\u00edan \u201cEl ajuste no se festeja\u201d y \u201cParan\u00e1 no se vende\u201d, cientos de manifestantes expresaron su rechazo al modelo econ\u00f3mico que est\u00e1 golpeando con fuerza a los sectores medios y populares.<\/p>\n\n\n\n<p>En inmediaciones del Puerto Nuevo y la Plaza de las Colectividades, se vivieron momentos de tensi\u00f3n cuando fuerzas federales y provinciales, intentaron bloquear el avance de las columnas sindicales. Los reclamos fueron claros: ca\u00edda del salario real, despidos en el sector p\u00fablico, desfinanciamiento de universidades y falta de obra p\u00fablica.<\/p>\n\n\n\n<p>Los abucheos a Milei y Frigerio se escucharon incluso durante el discurso, mientras la prensa oficial intentaba mantener el foco en el \u201centusiasmo\u201d de los seguidores libertarios.<\/p>\n\n\n\n<p>La postal final fue la de un presidente blindado por vallas, desconectado de una sociedad que reclama respuestas concretas.<\/p>\n\n\n\n<p><strong>Frigerio: aliado decorativo o engranaje funcional<\/strong><\/p>\n\n\n\n<p>El gobernador Rogelio Frigerio acompa\u00f1\u00f3 la visita presidencial como anfitri\u00f3n y socio pol\u00edtico, aunque su papel fue m\u00e1s de figurante que de aliado estrat\u00e9gico.<\/p>\n\n\n\n<p>Seg\u00fan trascendi\u00f3, Frigerio present\u00f3 a Milei una \u201cagenda de temas provinciales\u201d en una reuni\u00f3n previa, pero ninguno de esos puntos fue mencionado p\u00fablicamente. El gobernador prefiri\u00f3 mantener un perfil conciliador, sin marcar diferencias ni defender las urgencias econ\u00f3micas de los entrerrianos.<\/p>\n\n\n\n<p>De este modo, su imagen qued\u00f3 asociada a la del presidente, en una suerte de subordinaci\u00f3n pol\u00edtica que puede costarle caro: Entre R\u00edos enfrenta ca\u00edda de actividad, baja de recaudaci\u00f3n y conflictividad social creciente, mientras el gobierno nacional no da se\u00f1ales de ayuda real.<\/p>\n\n\n\n<p><strong>Lo que no se dijo, o no conven\u00eda decir:<\/strong><\/p>\n\n\n\n<p><strong>El acto dej\u00f3 varios vac\u00edos y contradicciones:<\/strong><\/p>\n\n\n\n<p>Sin estudios ambientales: no se mencionaron los riesgos ecol\u00f3gicos del dragado ni las comunidades afectadas.<\/p>\n\n\n\n<p>Sin plan financiero: no se explic\u00f3 c\u00f3mo se sostendr\u00e1 la obra a largo plazo.<\/p>\n\n\n\n<p>Sin control p\u00fablico: se omiti\u00f3 qui\u00e9n auditar\u00e1 los contratos privados.<\/p>\n\n\n\n<p>Sin participaci\u00f3n democr\u00e1tica: el anuncio se present\u00f3 como un hecho consumado, sin debate legislativo.<\/p>\n\n\n\n<p>Sin pol\u00edtica social: el gobierno habl\u00f3 de libertad, pero ignor\u00f3 el hambre y el desempleo que crecen en la provincia.<\/p>\n\n\n\n<p>Conclusi\u00f3n: vallas, discursos y los entrerrianos y entrerrianas \u00aben pie de guerra\u00bb.<\/p>\n\n\n\n<p>La visita de Milei a Paran\u00e1 fue un retrato de \u00e9poca: un presidente blindado, un gobernador en silencio y un pueblo que protesta. Mientras en el escenario se hablaba de libertad y progreso, muy cerca  se escuchaban los cacerolazos de quienes ya no creen en promesas vac\u00edas.<\/p>\n\n\n\n<p>El gobierno nacional convirti\u00f3 una oportunidad de di\u00e1logo en un show electoral itinerante, y Frigerio qued\u00f3 atrapado entre la obediencia pol\u00edtica y el malestar social de su propia provincia.<\/p>\n\n\n\n<p>Entre R\u00edos no fue escenario de un acto de gesti\u00f3n, sino de una pulseada simb\u00f3lica: la de un poder que promete libertad, frente a una sociedad que exige dignidad.<\/p>\n\n\n\n<ul class=\"wp-block-list\">\n<li><strong>Periodista de investigaci\u00f3n.<\/strong><\/li>\n<\/ul>\n","protected":false},"excerpt":{"rendered":"<p>Mientras el presidente vend&iacute;a anuncios vac&iacute;os, las calles se llenaron de protestas y reclamos. El gobernador Frigerio acompa&ntilde;&oacute; el acto, en una postal de sumisi&oacute;n pol&iacute;tica. La visita presidencial de Javier Milei a Paran&aacute;, Entre R&iacute;os, se movi&oacute; entre discursos grandilocuentes, promesas sin respaldo y una fuerte custodia, el mandatario nacional busc&oacute; mostrarse cercano al [&hellip;]<\/p>\n","protected":false},"author":2,"featured_media":30533,"comment_status":"closed","ping_status":"closed","sticky":false,"template":"","format":"standard","meta":{"footnotes":""},"categories":[11,4,49],"tags":[241,33,212,95,39,267],"class_list":["post-30530","post","type-post","status-publish","format-standard","has-post-thumbnail","hentry","category-politica","category-provinciales","category-sociedad","tag-costanera","tag-entre-rios","tag-javier-milei","tag-parana","tag-rogelio-frigerio","tag-visita"],"_links":{"self":[{"href":"https:\/\/impactodenoticias.com.ar\/index.php?rest_route=\/wp\/v2\/posts\/30530","targetHints":{"allow":["GET"]}}],"collection":[{"href":"https:\/\/impactodenoticias.com.ar\/index.php?rest_route=\/wp\/v2\/posts"}],"about":[{"href":"https:\/\/impactodenoticias.com.ar\/index.php?rest_route=\/wp\/v2\/types\/post"}],"author":[{"embeddable":true,"href":"https:\/\/impactodenoticias.com.ar\/index.php?rest_route=\/wp\/v2\/users\/2"}],"replies":[{"embeddable":true,"href":"https:\/\/impactodenoticias.com.ar\/index.php?rest_route=%2Fwp%2Fv2%2Fcomments&post=30530"}],"version-history":[{"count":1,"href":"https:\/\/impactodenoticias.com.ar\/index.php?rest_route=\/wp\/v2\/posts\/30530\/revisions"}],"predecessor-version":[{"id":30532,"href":"https:\/\/impactodenoticias.com.ar\/index.php?rest_route=\/wp\/v2\/posts\/30530\/revisions\/30532"}],"wp:featuredmedia":[{"embeddable":true,"href":"https:\/\/impactodenoticias.com.ar\/index.php?rest_route=\/wp\/v2\/media\/30533"}],"wp:attachment":[{"href":"https:\/\/impactodenoticias.com.ar\/index.php?rest_route=%2Fwp%2Fv2%2Fmedia&parent=30530"}],"wp:term":[{"taxonomy":"category","embeddable":true,"href":"https:\/\/impactodenoticias.com.ar\/index.php?rest_route=%2Fwp%2Fv2%2Fcategories&post=30530"},{"taxonomy":"post_tag","embeddable":true,"href":"https:\/\/impactodenoticias.com.ar\/index.php?rest_route=%2Fwp%2Fv2%2Ftags&post=30530"}],"curies":[{"name":"wp","href":"https:\/\/api.w.org\/{rel}","templated":true}]}}