{"id":30553,"date":"2025-10-07T18:16:11","date_gmt":"2025-10-07T21:16:11","guid":{"rendered":"https:\/\/impactodenoticias.com.ar\/?p=30553"},"modified":"2025-10-07T18:46:03","modified_gmt":"2025-10-07T21:46:03","slug":"concepcion-del-uruguay-una-mujer-senalo-que-demoraron-en-tomarle-una-denuncia-porque-las-policias-se-estaban-peinando","status":"publish","type":"post","link":"https:\/\/impactodenoticias.com.ar\/?p=30553","title":{"rendered":"Concepci\u00f3n del Uruguay: una mujer cont\u00f3 que demoraron en tomarle una denuncia porque las polic\u00edas se estaban peinando"},"content":{"rendered":"\n<h2 class=\"wp-block-heading\">La situci\u00f3n se produjo la semana pasada en la Comisar\u00eda de Minoridad Y Violencia Familiar en Concepci\u00f3n del Uruguay, cuando una mujer se acerc\u00f3 a radicar una denuncia por violencia de g\u00e9nero.<\/h2>\n\n\n\n<p>Al llegar a la dependencia policial para relatar la situaci\u00f3n que estaba atravesando, las oficiales le dijeron que esperara que ya ser\u00eda atendida, ingresaron a una oficina y la dejaron sola \u201csin contenci\u00f3n ni escucha\u201d, cont\u00f3 la mujer.<\/p>\n\n\n\n<p>Las polic\u00edas dejaron la puerta entre abierta, por lo que la denunciante, pudo observar el motivo de la demora: una de ellas le estaba haciendo una trenza a la otra.<\/p>\n\n\n\n<p>Una vez que terminaron de peinarse \u201cse fueron a comer y estuve esperando m\u00e1s de 1:30\u201d, relat\u00f3 indignada.<\/p>\n\n\n\n<p>Seg\u00fan se confirm\u00f3, las autoridades de la Jefatura Departamental Uruguay desconoc\u00edan la situaci\u00f3n y r\u00e1pidamente dieron inicio a una investigaci\u00f3n para tomar las medidas necesarias.<\/p>\n\n\n\n<p><\/p>\n\n\n\n<figure class=\"wp-block-video\"><video height=\"640\" style=\"aspect-ratio: 356 \/ 640;\" width=\"356\" controls src=\"https:\/\/impactodenoticias.com.ar\/wp-content\/uploads\/2025\/10\/Mujeres-policias-peinandose-Comisaria-Denuncia.mp4\"><\/video><\/figure>\n\n\n\n<p><\/p>\n\n\n\n<p><\/p>\n","protected":false},"excerpt":{"rendered":"<p>La situci&oacute;n se produjo la semana pasada en la Comisar&iacute;a de Minoridad Y Violencia Familiar en Concepci&oacute;n del Uruguay, cuando una mujer se acerc&oacute; a radicar una denuncia por violencia de g&eacute;nero. Al llegar a la dependencia policial para relatar la situaci&oacute;n que estaba atravesando, las oficiales le dijeron que esperara que ya ser&iacute;a atendida, [&hellip;]<\/p>\n","protected":false},"author":2,"featured_media":30555,"comment_status":"closed","ping_status":"closed","sticky":false,"template":"","format":"standard","meta":{"footnotes":""},"categories":[8,4],"tags":[1662,324,68,1079,5994,131],"class_list":["post-30553","post","type-post","status-publish","format-standard","has-post-thumbnail","hentry","category-policiales","category-provinciales","tag-comisaria","tag-concepcion-del-uruguay","tag-denuncia","tag-mujeres","tag-peinado","tag-policias"],"_links":{"self":[{"href":"https:\/\/impactodenoticias.com.ar\/index.php?rest_route=\/wp\/v2\/posts\/30553","targetHints":{"allow":["GET"]}}],"collection":[{"href":"https:\/\/impactodenoticias.com.ar\/index.php?rest_route=\/wp\/v2\/posts"}],"about":[{"href":"https:\/\/impactodenoticias.com.ar\/index.php?rest_route=\/wp\/v2\/types\/post"}],"author":[{"embeddable":true,"href":"https:\/\/impactodenoticias.com.ar\/index.php?rest_route=\/wp\/v2\/users\/2"}],"replies":[{"embeddable":true,"href":"https:\/\/impactodenoticias.com.ar\/index.php?rest_route=%2Fwp%2Fv2%2Fcomments&post=30553"}],"version-history":[{"count":2,"href":"https:\/\/impactodenoticias.com.ar\/index.php?rest_route=\/wp\/v2\/posts\/30553\/revisions"}],"predecessor-version":[{"id":30569,"href":"https:\/\/impactodenoticias.com.ar\/index.php?rest_route=\/wp\/v2\/posts\/30553\/revisions\/30569"}],"wp:featuredmedia":[{"embeddable":true,"href":"https:\/\/impactodenoticias.com.ar\/index.php?rest_route=\/wp\/v2\/media\/30555"}],"wp:attachment":[{"href":"https:\/\/impactodenoticias.com.ar\/index.php?rest_route=%2Fwp%2Fv2%2Fmedia&parent=30553"}],"wp:term":[{"taxonomy":"category","embeddable":true,"href":"https:\/\/impactodenoticias.com.ar\/index.php?rest_route=%2Fwp%2Fv2%2Fcategories&post=30553"},{"taxonomy":"post_tag","embeddable":true,"href":"https:\/\/impactodenoticias.com.ar\/index.php?rest_route=%2Fwp%2Fv2%2Ftags&post=30553"}],"curies":[{"name":"wp","href":"https:\/\/api.w.org\/{rel}","templated":true}]}}