{"id":30560,"date":"2025-10-07T18:29:34","date_gmt":"2025-10-07T21:29:34","guid":{"rendered":"https:\/\/impactodenoticias.com.ar\/?p=30560"},"modified":"2025-10-07T18:29:35","modified_gmt":"2025-10-07T21:29:35","slug":"condenaron-en-concordia-a-15-anos-de-prision-a-un-hombre-por-homicidio-en-ocasion-de-robo","status":"publish","type":"post","link":"https:\/\/impactodenoticias.com.ar\/?p=30560","title":{"rendered":"Condenaron en Concordia a 15 a\u00f1os de prisi\u00f3n a un hombre por homicidio en ocasi\u00f3n de robo"},"content":{"rendered":"\n<h2 class=\"wp-block-heading\">El vocal del Tribunal de Juicio y Apelaciones de Concordia Maximiliano, Larocca Rees, impuso este lunes la pena de 15 a\u00f1os de prisi\u00f3n efectiva en la Unidad Penal N\u00b0 9, a Rub\u00e9n Dar\u00edo Escobar, quien el pasado 19 de septiembre fue declarado culpable por un jurado popular que lo consider\u00f3 autor penalmente responsable del delito de \u201chomicidio en ocasi\u00f3n de robo\u201d.<\/h2>\n\n\n\n<p>Escobar fue arrestado por el asesinato de Gisela R\u00edos, ocurrido en Concordia en 2017. La mujer esperaba el colectivo cuando dos hombres la abordaron para robarle y la mataron.<\/p>\n\n\n\n<p>Enla audiencia de cesura, celebrada el pasado 25 de septiembre en los Tribunales de Concordia, los fiscales Mart\u00edn Nu\u00f1ez y Mario Guerrero y la fiscal Natalia Conti, solicitaron para Escobar una pena de 15 a\u00f1os de prisi\u00f3n, a lo que se opuso el defensor oficial Alejandro Giorgio, quien solicit\u00f3 la m\u00ednima.<\/p>\n\n\n\n<p>El homicidio de R\u00edos ocurri\u00f3 en barrio El Tri\u00e1ngulo en 2017, cuando la mujer esperaba el colectivo. M\u00e1s precisamente el 26 de febrero cuando Gisela R\u00edos fue baleada al ser asaltada por dos delincuentes.<\/p>\n\n\n\n<p>Luego de varios d\u00edas de agon\u00eda, finalmente falleci\u00f3 en el hospital Delicia Concepci\u00f3n Masvernat. La investigaci\u00f3n lleg\u00f3 en un primer momento a la detenci\u00f3n de tres personas. Uno de ellos fue Enzo Bonazzola ya reconoci\u00f3 su responsabilidad en el caso y fue condenado, mientras que Escobar dice ser inocente.<\/p>\n","protected":false},"excerpt":{"rendered":"<p>El vocal del Tribunal de Juicio y Apelaciones de Concordia Maximiliano, Larocca Rees, impuso este lunes la pena de 15 a&ntilde;os de prisi&oacute;n efectiva en la Unidad Penal N&deg; 9, a Rub&eacute;n Dar&iacute;o Escobar, quien el pasado 19 de septiembre fue declarado culpable por un jurado popular que lo consider&oacute; autor penalmente responsable del delito [&hellip;]<\/p>\n","protected":false},"author":2,"featured_media":30561,"comment_status":"closed","ping_status":"closed","sticky":false,"template":"","format":"standard","meta":{"footnotes":""},"categories":[90,8,4],"tags":[5997,110,72,5998,957,147,5996],"class_list":["post-30560","post","type-post","status-publish","format-standard","has-post-thumbnail","hentry","category-judicial","category-policiales","category-provinciales","tag-asesinaro","tag-asesinato","tag-concordia","tag-gisela-rios","tag-prision","tag-robo","tag-ruben-dario-escobar"],"_links":{"self":[{"href":"https:\/\/impactodenoticias.com.ar\/index.php?rest_route=\/wp\/v2\/posts\/30560","targetHints":{"allow":["GET"]}}],"collection":[{"href":"https:\/\/impactodenoticias.com.ar\/index.php?rest_route=\/wp\/v2\/posts"}],"about":[{"href":"https:\/\/impactodenoticias.com.ar\/index.php?rest_route=\/wp\/v2\/types\/post"}],"author":[{"embeddable":true,"href":"https:\/\/impactodenoticias.com.ar\/index.php?rest_route=\/wp\/v2\/users\/2"}],"replies":[{"embeddable":true,"href":"https:\/\/impactodenoticias.com.ar\/index.php?rest_route=%2Fwp%2Fv2%2Fcomments&post=30560"}],"version-history":[{"count":1,"href":"https:\/\/impactodenoticias.com.ar\/index.php?rest_route=\/wp\/v2\/posts\/30560\/revisions"}],"predecessor-version":[{"id":30562,"href":"https:\/\/impactodenoticias.com.ar\/index.php?rest_route=\/wp\/v2\/posts\/30560\/revisions\/30562"}],"wp:featuredmedia":[{"embeddable":true,"href":"https:\/\/impactodenoticias.com.ar\/index.php?rest_route=\/wp\/v2\/media\/30561"}],"wp:attachment":[{"href":"https:\/\/impactodenoticias.com.ar\/index.php?rest_route=%2Fwp%2Fv2%2Fmedia&parent=30560"}],"wp:term":[{"taxonomy":"category","embeddable":true,"href":"https:\/\/impactodenoticias.com.ar\/index.php?rest_route=%2Fwp%2Fv2%2Fcategories&post=30560"},{"taxonomy":"post_tag","embeddable":true,"href":"https:\/\/impactodenoticias.com.ar\/index.php?rest_route=%2Fwp%2Fv2%2Ftags&post=30560"}],"curies":[{"name":"wp","href":"https:\/\/api.w.org\/{rel}","templated":true}]}}