{"id":3057,"date":"2024-08-23T19:02:31","date_gmt":"2024-08-23T22:02:31","guid":{"rendered":"https:\/\/impactodenoticias.com.ar\/?p=3057"},"modified":"2024-08-24T11:02:52","modified_gmt":"2024-08-24T14:02:52","slug":"atencion-automovilistas-habilitaron-el-transito-en-el-tunel-subfluvial","status":"publish","type":"post","link":"https:\/\/impactodenoticias.com.ar\/?p=3057","title":{"rendered":"Atenci\u00f3n automovilistas: habilitaron el tr\u00e1nsito en el t\u00fanel subfluvial"},"content":{"rendered":"\n<p><strong>La Direcci\u00f3n Provincial de Vialidad (DPV) inform\u00f3 que qued\u00f3 habilitado el paso hacia el t\u00fanel subfluvial Ra\u00fal Uranga &#8211; Sylvestre Begnis, en direcci\u00f3n a Santa Fe.<\/strong><\/p>\n\n\n\n<p>Las tareas contribuyen a mejorar la seguridad vial en una zona de tr\u00e1nsito intenso entre las ciudades de Paran\u00e1 y Santa Fe. La semana que viene continuar\u00e1n los trabajos.<\/p>\n\n\n\n<p>En cuanto a las tareas faltantes, se precis\u00f3 que se trabajar\u00e1 en el sellado de juntas, reparaci\u00f3n de cordones en ciertos sectores, hormig\u00f3n en ensanche desde Avenida Uranga hacia el t\u00fanel, hormig\u00f3n en dos losas deterioradas desde salida del t\u00fanel hacia Paran\u00e1.<\/p>\n\n\n\n<p>Desde el ente vial solicitaron transitar con precauci\u00f3n ya que continuar\u00e1n los trabajos de rehabilitaci\u00f3n de las losas de hormig\u00f3n, por lo que habr\u00e1 m\u00e1quinas y obreros en el lugar.<\/p>\n","protected":false},"excerpt":{"rendered":"<p>La Direcci&oacute;n Provincial de Vialidad (DPV) inform&oacute; que qued&oacute; habilitado el paso hacia el t&uacute;nel subfluvial Ra&uacute;l Uranga &ndash; Sylvestre Begnis, en direcci&oacute;n a Santa Fe. Las tareas contribuyen a mejorar la seguridad vial en una zona de tr&aacute;nsito intenso entre las ciudades de Paran&aacute; y Santa Fe. La semana que viene continuar&aacute;n los trabajos. [&hellip;]<\/p>\n","protected":false},"author":2,"featured_media":3060,"comment_status":"open","ping_status":"open","sticky":false,"template":"","format":"standard","meta":{"footnotes":""},"categories":[3,49],"tags":[1450,1451,855],"class_list":["post-3057","post","type-post","status-publish","format-standard","has-post-thumbnail","hentry","category-locales","category-sociedad","tag-acceso","tag-liberado","tag-tunel-subfluvial"],"_links":{"self":[{"href":"https:\/\/impactodenoticias.com.ar\/index.php?rest_route=\/wp\/v2\/posts\/3057","targetHints":{"allow":["GET"]}}],"collection":[{"href":"https:\/\/impactodenoticias.com.ar\/index.php?rest_route=\/wp\/v2\/posts"}],"about":[{"href":"https:\/\/impactodenoticias.com.ar\/index.php?rest_route=\/wp\/v2\/types\/post"}],"author":[{"embeddable":true,"href":"https:\/\/impactodenoticias.com.ar\/index.php?rest_route=\/wp\/v2\/users\/2"}],"replies":[{"embeddable":true,"href":"https:\/\/impactodenoticias.com.ar\/index.php?rest_route=%2Fwp%2Fv2%2Fcomments&post=3057"}],"version-history":[{"count":1,"href":"https:\/\/impactodenoticias.com.ar\/index.php?rest_route=\/wp\/v2\/posts\/3057\/revisions"}],"predecessor-version":[{"id":3059,"href":"https:\/\/impactodenoticias.com.ar\/index.php?rest_route=\/wp\/v2\/posts\/3057\/revisions\/3059"}],"wp:featuredmedia":[{"embeddable":true,"href":"https:\/\/impactodenoticias.com.ar\/index.php?rest_route=\/wp\/v2\/media\/3060"}],"wp:attachment":[{"href":"https:\/\/impactodenoticias.com.ar\/index.php?rest_route=%2Fwp%2Fv2%2Fmedia&parent=3057"}],"wp:term":[{"taxonomy":"category","embeddable":true,"href":"https:\/\/impactodenoticias.com.ar\/index.php?rest_route=%2Fwp%2Fv2%2Fcategories&post=3057"},{"taxonomy":"post_tag","embeddable":true,"href":"https:\/\/impactodenoticias.com.ar\/index.php?rest_route=%2Fwp%2Fv2%2Ftags&post=3057"}],"curies":[{"name":"wp","href":"https:\/\/api.w.org\/{rel}","templated":true}]}}