{"id":30581,"date":"2025-10-08T10:17:50","date_gmt":"2025-10-08T13:17:50","guid":{"rendered":"https:\/\/impactodenoticias.com.ar\/?p=30581"},"modified":"2025-10-08T10:17:51","modified_gmt":"2025-10-08T13:17:51","slug":"hallaron-un-arma-y-bolsitas-con-cocaina-en-el-patio-de-una-escuela-en-colon","status":"publish","type":"post","link":"https:\/\/impactodenoticias.com.ar\/?p=30581","title":{"rendered":"Hallaron un arma y bolsitas con coca\u00edna en el patio de una escuela en Col\u00f3n"},"content":{"rendered":"\n<h2 class=\"wp-block-heading\">El personal policial perteneciente a la Jefatura Departamental Col\u00f3n se hizo presente en una escuela ubicada en inmediaciones de calles Ber\u00edn y Mitre de Col\u00f3n, luego de ser alertado por una autoridad del establecimiento educativo sobre el hallazgo de elementos sospechosos en el patio interno.<\/h2>\n\n\n\n<p>El ins\u00f3lito hecho se produjo en horas de la ma\u00f1ana de este martes. Una vez en el lugar, se constat\u00f3 la presencia de un arma de fuego tipo pistola, marca Browning FN, calibre 7,65 mm, ubicada al pie de un tapial del predio. Junto a esta, se hall\u00f3 una bolsa de nylon negra cerrada que conten\u00eda una sustancia de color blanco.<\/p>\n\n\n\n<p>Por disposici\u00f3n de la Fiscal\u00eda en turno, se convoc\u00f3 a personal de la Divisi\u00f3n Drogas Peligrosas, quienes efectuaron el correspondiente test de orientaci\u00f3n sobre el contenido, que arroj\u00f3 resultado positivo para coca\u00edna. Se secuestr\u00f3 tanto del arma como de la sustancia.<\/p>\n\n\n\n<p>El hallazgo tendr\u00eda relaci\u00f3n con un legajo iniciado el pasado viernes 3 de octubre, por el supuesto delito de tentativa de homicidio, en el cual resultara detenido un joven de 27 a\u00f1os. El muchacho hab\u00eda efectuado disparos con arma de fuego contra otro individuo y fue aprehendido por el personal actuante en un domicilio lindero al patio de la instituci\u00f3n educativa.<\/p>\n","protected":false},"excerpt":{"rendered":"<p>El personal policial perteneciente a la Jefatura Departamental Col&oacute;n se hizo presente en una escuela ubicada en inmediaciones de calles Ber&iacute;n y Mitre de Col&oacute;n, luego de ser alertado por una autoridad del establecimiento educativo sobre el hallazgo de elementos sospechosos en el patio interno. El ins&oacute;lito hecho se produjo en horas de la ma&ntilde;ana [&hellip;]<\/p>\n","protected":false},"author":2,"featured_media":30582,"comment_status":"closed","ping_status":"closed","sticky":false,"template":"","format":"standard","meta":{"footnotes":""},"categories":[8,4],"tags":[1108,74,1478,166,3018,6002],"class_list":["post-30581","post","type-post","status-publish","format-standard","has-post-thumbnail","hentry","category-policiales","category-provinciales","tag-arma","tag-cocaina","tag-colon-2","tag-escuela","tag-hallaron","tag-patio"],"_links":{"self":[{"href":"https:\/\/impactodenoticias.com.ar\/index.php?rest_route=\/wp\/v2\/posts\/30581","targetHints":{"allow":["GET"]}}],"collection":[{"href":"https:\/\/impactodenoticias.com.ar\/index.php?rest_route=\/wp\/v2\/posts"}],"about":[{"href":"https:\/\/impactodenoticias.com.ar\/index.php?rest_route=\/wp\/v2\/types\/post"}],"author":[{"embeddable":true,"href":"https:\/\/impactodenoticias.com.ar\/index.php?rest_route=\/wp\/v2\/users\/2"}],"replies":[{"embeddable":true,"href":"https:\/\/impactodenoticias.com.ar\/index.php?rest_route=%2Fwp%2Fv2%2Fcomments&post=30581"}],"version-history":[{"count":1,"href":"https:\/\/impactodenoticias.com.ar\/index.php?rest_route=\/wp\/v2\/posts\/30581\/revisions"}],"predecessor-version":[{"id":30583,"href":"https:\/\/impactodenoticias.com.ar\/index.php?rest_route=\/wp\/v2\/posts\/30581\/revisions\/30583"}],"wp:featuredmedia":[{"embeddable":true,"href":"https:\/\/impactodenoticias.com.ar\/index.php?rest_route=\/wp\/v2\/media\/30582"}],"wp:attachment":[{"href":"https:\/\/impactodenoticias.com.ar\/index.php?rest_route=%2Fwp%2Fv2%2Fmedia&parent=30581"}],"wp:term":[{"taxonomy":"category","embeddable":true,"href":"https:\/\/impactodenoticias.com.ar\/index.php?rest_route=%2Fwp%2Fv2%2Fcategories&post=30581"},{"taxonomy":"post_tag","embeddable":true,"href":"https:\/\/impactodenoticias.com.ar\/index.php?rest_route=%2Fwp%2Fv2%2Ftags&post=30581"}],"curies":[{"name":"wp","href":"https:\/\/api.w.org\/{rel}","templated":true}]}}