{"id":30618,"date":"2025-10-10T10:56:35","date_gmt":"2025-10-10T13:56:35","guid":{"rendered":"https:\/\/impactodenoticias.com.ar\/?p=30618"},"modified":"2025-10-10T10:56:35","modified_gmt":"2025-10-10T13:56:35","slug":"acceso-a-parana-heridos-tras-el-choque-de-una-camioneta-contra-una-maquina-vial","status":"publish","type":"post","link":"https:\/\/impactodenoticias.com.ar\/?p=30618","title":{"rendered":"Acceso a Paran\u00e1: heridos tras el choque de una camioneta contra una m\u00e1quina vial"},"content":{"rendered":"\n<h2 class=\"wp-block-heading\">Una unidad de Rescate del Cuerpo Activo de Bomberos Voluntarios de Paran\u00e1 fue solicitada el viernes a Ruta 168 y L\u00f3pez Jord\u00e1n por un accidente vial.<\/h2>\n\n\n\n<p>En el lugar se constat\u00f3 un impactante choque entre una camioneta y una m\u00e1quina vial, r\u00e1pidamente se asisti\u00f3 a las personas lesionadas, quienes minutos despu\u00e9s fueron trasladadas al Hospital San Mart\u00edn por personal del Servicio de Emergencias 107.<\/p>\n\n\n\n<p>Por su parte los Bomberos Voluntarios de Paran\u00e1, llevaron adelante tareas de seguridad en la zona, para evitar nuevos accidentes y garantizar la protecci\u00f3n de los transe\u00fantes y veh\u00edculos que transitaban por el lugar.<\/p>\n","protected":false},"excerpt":{"rendered":"<p>Una unidad de Rescate del Cuerpo Activo de Bomberos Voluntarios de Paran&aacute; fue solicitada el viernes a Ruta 168 y L&oacute;pez Jord&aacute;n por un accidente vial. En el lugar se constat&oacute; un impactante choque entre una camioneta y una m&aacute;quina vial, r&aacute;pidamente se asisti&oacute; a las personas lesionadas, quienes minutos despu&eacute;s fueron trasladadas al Hospital [&hellip;]<\/p>\n","protected":false},"author":2,"featured_media":30619,"comment_status":"closed","ping_status":"closed","sticky":false,"template":"","format":"standard","meta":{"footnotes":""},"categories":[3,8],"tags":[1450,120,402,394,6010,95,118],"class_list":["post-30618","post","type-post","status-publish","format-standard","has-post-thumbnail","hentry","category-locales","category-policiales","tag-acceso","tag-accidente","tag-camioneta","tag-heridos","tag-maquinal-vial","tag-parana","tag-policiales"],"_links":{"self":[{"href":"https:\/\/impactodenoticias.com.ar\/index.php?rest_route=\/wp\/v2\/posts\/30618","targetHints":{"allow":["GET"]}}],"collection":[{"href":"https:\/\/impactodenoticias.com.ar\/index.php?rest_route=\/wp\/v2\/posts"}],"about":[{"href":"https:\/\/impactodenoticias.com.ar\/index.php?rest_route=\/wp\/v2\/types\/post"}],"author":[{"embeddable":true,"href":"https:\/\/impactodenoticias.com.ar\/index.php?rest_route=\/wp\/v2\/users\/2"}],"replies":[{"embeddable":true,"href":"https:\/\/impactodenoticias.com.ar\/index.php?rest_route=%2Fwp%2Fv2%2Fcomments&post=30618"}],"version-history":[{"count":1,"href":"https:\/\/impactodenoticias.com.ar\/index.php?rest_route=\/wp\/v2\/posts\/30618\/revisions"}],"predecessor-version":[{"id":30620,"href":"https:\/\/impactodenoticias.com.ar\/index.php?rest_route=\/wp\/v2\/posts\/30618\/revisions\/30620"}],"wp:featuredmedia":[{"embeddable":true,"href":"https:\/\/impactodenoticias.com.ar\/index.php?rest_route=\/wp\/v2\/media\/30619"}],"wp:attachment":[{"href":"https:\/\/impactodenoticias.com.ar\/index.php?rest_route=%2Fwp%2Fv2%2Fmedia&parent=30618"}],"wp:term":[{"taxonomy":"category","embeddable":true,"href":"https:\/\/impactodenoticias.com.ar\/index.php?rest_route=%2Fwp%2Fv2%2Fcategories&post=30618"},{"taxonomy":"post_tag","embeddable":true,"href":"https:\/\/impactodenoticias.com.ar\/index.php?rest_route=%2Fwp%2Fv2%2Ftags&post=30618"}],"curies":[{"name":"wp","href":"https:\/\/api.w.org\/{rel}","templated":true}]}}