{"id":30621,"date":"2025-10-10T11:01:37","date_gmt":"2025-10-10T14:01:37","guid":{"rendered":"https:\/\/impactodenoticias.com.ar\/?p=30621"},"modified":"2025-10-12T20:00:54","modified_gmt":"2025-10-12T23:00:54","slug":"se-llevara-adelante-un-paro-ante-el-posible-desfinanciamiento-de-las-escuelas-tecnicas-en-2026","status":"publish","type":"post","link":"https:\/\/impactodenoticias.com.ar\/?p=30621","title":{"rendered":"Se llevar\u00e1 adelante un paro ante el posible desfinanciamiento de las escuelas t\u00e9cnicas en 2026"},"content":{"rendered":"\n<h2 class=\"wp-block-heading\">El Congreso provincial de la Asociaci\u00f3n del Magisterio de Ense\u00f1anza T\u00e9cnica (AMET), mantuvo una reuni\u00f3n el jueves para tomar posici\u00f3n ante la decisi\u00f3n del gobierno nacional de derogar el art\u00edculo 52 de la Ley de Educaci\u00f3n T\u00e9cnico Profesional N\u00b0 26.058, que establece la creaci\u00f3n del Fondo Nacional para la Educaci\u00f3n T\u00e9cnico Profesional, en el proyecto de Presupuesto 2026.<\/h2>\n\n\n\n<p>La situaci\u00f3n gener\u00f3 gran preocupaci\u00f3n en el sector. En este contexto, el secretario General, Andr\u00e9s Besel anunci\u00f3 un paro de 24 horas para el pr\u00f3ximo martes en la provincia, jornada en la cual adem\u00e1s tambi\u00e9n har\u00e1n lo propio los docentes nucleados en Agmer.<\/p>\n\n\n\n<p>En caso de presentarse el proyecto en el Congreso y las comisiones, ya sea de Presupuesto y\/o Educaci\u00f3n, realizar\u00e1n una movilizaci\u00f3n a fin de rechazar la iniciativa y con la esperanza de los legisladores los acompa\u00f1en con el voto.<\/p>\n\n\n\n<p>\u201cSe van a pedir audiencias y entrevistas con los legisladores nacionales y hasta con el gobernador para llevar el documento donde m\u00e1s de mil docentes de escuelas t\u00e9rmicas y agrotecnicas y de formaci\u00f3n profesional elaboraron a fin de que no se apruebe porque destruir\u00eda el presente y el futuro de las escuelas\u201d, destac\u00f3 Besel en declaraciones a la prensa.<\/p>\n\n\n\n<p>Adem\u00e1s, se decidi\u00f3 invitar a directivos, centros de exalumnos, centros de estudiantes, cooperadoras a \u201cunificar criterios\u201d para elaborar escritos parar presentar a diputados y senadores.<\/p>\n","protected":false},"excerpt":{"rendered":"<p>El Congreso provincial de la Asociaci&oacute;n del Magisterio de Ense&ntilde;anza T&eacute;cnica (AMET), mantuvo una reuni&oacute;n el jueves para tomar posici&oacute;n ante la decisi&oacute;n del gobierno nacional de derogar el art&iacute;culo 52 de la Ley de Educaci&oacute;n T&eacute;cnico Profesional N&deg; 26.058, que establece la creaci&oacute;n del Fondo Nacional para la Educaci&oacute;n T&eacute;cnico Profesional, en el proyecto [&hellip;]<\/p>\n","protected":false},"author":2,"featured_media":30622,"comment_status":"closed","ping_status":"closed","sticky":false,"template":"","format":"standard","meta":{"footnotes":""},"categories":[91,11,4],"tags":[52,801,6011,5832,59],"class_list":["post-30621","post","type-post","status-publish","format-standard","has-post-thumbnail","hentry","category-gremiales","category-politica","category-provinciales","tag-agmer","tag-amet","tag-andres-besel","tag-gremiales","tag-paro"],"_links":{"self":[{"href":"https:\/\/impactodenoticias.com.ar\/index.php?rest_route=\/wp\/v2\/posts\/30621","targetHints":{"allow":["GET"]}}],"collection":[{"href":"https:\/\/impactodenoticias.com.ar\/index.php?rest_route=\/wp\/v2\/posts"}],"about":[{"href":"https:\/\/impactodenoticias.com.ar\/index.php?rest_route=\/wp\/v2\/types\/post"}],"author":[{"embeddable":true,"href":"https:\/\/impactodenoticias.com.ar\/index.php?rest_route=\/wp\/v2\/users\/2"}],"replies":[{"embeddable":true,"href":"https:\/\/impactodenoticias.com.ar\/index.php?rest_route=%2Fwp%2Fv2%2Fcomments&post=30621"}],"version-history":[{"count":1,"href":"https:\/\/impactodenoticias.com.ar\/index.php?rest_route=\/wp\/v2\/posts\/30621\/revisions"}],"predecessor-version":[{"id":30623,"href":"https:\/\/impactodenoticias.com.ar\/index.php?rest_route=\/wp\/v2\/posts\/30621\/revisions\/30623"}],"wp:featuredmedia":[{"embeddable":true,"href":"https:\/\/impactodenoticias.com.ar\/index.php?rest_route=\/wp\/v2\/media\/30622"}],"wp:attachment":[{"href":"https:\/\/impactodenoticias.com.ar\/index.php?rest_route=%2Fwp%2Fv2%2Fmedia&parent=30621"}],"wp:term":[{"taxonomy":"category","embeddable":true,"href":"https:\/\/impactodenoticias.com.ar\/index.php?rest_route=%2Fwp%2Fv2%2Fcategories&post=30621"},{"taxonomy":"post_tag","embeddable":true,"href":"https:\/\/impactodenoticias.com.ar\/index.php?rest_route=%2Fwp%2Fv2%2Ftags&post=30621"}],"curies":[{"name":"wp","href":"https:\/\/api.w.org\/{rel}","templated":true}]}}