{"id":30646,"date":"2025-10-11T18:05:05","date_gmt":"2025-10-11T21:05:05","guid":{"rendered":"https:\/\/impactodenoticias.com.ar\/?p=30646"},"modified":"2025-10-18T11:50:34","modified_gmt":"2025-10-18T14:50:34","slug":"aca-esta-el-radicalismo","status":"publish","type":"post","link":"https:\/\/impactodenoticias.com.ar\/?p=30646","title":{"rendered":"AC\u00c1 ESTA EL RADICALISMO"},"content":{"rendered":"\n<h2 class=\"wp-block-heading\">Autoridades y dirigentes de la UCR, en su habitual recorrida por los distintos comit\u00e9s, se reunieron con militantes de la Seccional 17 de Paran\u00e1, del debate surge que no nos sentimos representados, ni por la Libertad Avanza, ni por su pol\u00edtica de gobierno, como tampoco por la lista de candidatos presentada por esta nueva Alianza.<\/h2>\n\n\n\n<p>Ratificamos lo resuelto en el Plenario del Comit\u00e9 de la Capital de junio pasado, donde se resolvi\u00f3 terminantemente <strong>NO<\/strong> a <strong>MILEI<\/strong>.<\/p>\n\n\n\n<p><\/p>\n\n\n\n<figure class=\"wp-block-image size-large\"><img loading=\"lazy\" decoding=\"async\" width=\"1024\" height=\"979\" src=\"https:\/\/impactodenoticias.com.ar\/wp-content\/uploads\/2025\/10\/e3166838-c777-43c1-9c15-fa914232587a-1024x979.jpeg\" alt=\"\" class=\"wp-image-30647\" srcset=\"https:\/\/impactodenoticias.com.ar\/wp-content\/uploads\/2025\/10\/e3166838-c777-43c1-9c15-fa914232587a-1024x979.jpeg 1024w, https:\/\/impactodenoticias.com.ar\/wp-content\/uploads\/2025\/10\/e3166838-c777-43c1-9c15-fa914232587a-300x287.jpeg 300w, https:\/\/impactodenoticias.com.ar\/wp-content\/uploads\/2025\/10\/e3166838-c777-43c1-9c15-fa914232587a-768x734.jpeg 768w, https:\/\/impactodenoticias.com.ar\/wp-content\/uploads\/2025\/10\/e3166838-c777-43c1-9c15-fa914232587a.jpeg 1280w\" sizes=\"auto, (max-width: 1024px) 100vw, 1024px\" \/><\/figure>\n\n\n\n<p><\/p>\n\n\n\n<figure class=\"wp-block-image size-large\"><img loading=\"lazy\" decoding=\"async\" width=\"1024\" height=\"288\" src=\"https:\/\/impactodenoticias.com.ar\/wp-content\/uploads\/2025\/10\/WhatsApp-Image-2025-10-11-at-6.33.19-PM-1024x288.jpeg\" alt=\"\" class=\"wp-image-30651\" srcset=\"https:\/\/impactodenoticias.com.ar\/wp-content\/uploads\/2025\/10\/WhatsApp-Image-2025-10-11-at-6.33.19-PM-1024x288.jpeg 1024w, https:\/\/impactodenoticias.com.ar\/wp-content\/uploads\/2025\/10\/WhatsApp-Image-2025-10-11-at-6.33.19-PM-300x84.jpeg 300w, https:\/\/impactodenoticias.com.ar\/wp-content\/uploads\/2025\/10\/WhatsApp-Image-2025-10-11-at-6.33.19-PM-768x216.jpeg 768w, https:\/\/impactodenoticias.com.ar\/wp-content\/uploads\/2025\/10\/WhatsApp-Image-2025-10-11-at-6.33.19-PM-1536x432.jpeg 1536w, https:\/\/impactodenoticias.com.ar\/wp-content\/uploads\/2025\/10\/WhatsApp-Image-2025-10-11-at-6.33.19-PM.jpeg 1600w\" sizes=\"auto, (max-width: 1024px) 100vw, 1024px\" \/><\/figure>\n\n\n\n<p><\/p>\n\n\n\n<p><strong>No <\/strong>a su gobierno de destrucci\u00f3n de la Naci\u00f3n, de su sistema productivo, de los trabajadores y de los medianos empresarios.<\/p>\n\n\n\n<p><strong>NO <\/strong>a su visceral rechazo a los sectores m\u00e1s postergados de la poblaci\u00f3n, de sus ataques a la educaci\u00f3n y salud p\u00fablica, de sus intentos de enajenaci\u00f3n a los recursos naturales.<\/p>\n\n\n\n<p><strong>NO<\/strong> a su permanente pol\u00edtica de hostigamiento a los partidos pol\u00edticos que tienen ideas totalmente opuesta a las de \u00e9l, en especial esa enfermiza hostilidad hacia la UCR, a sus valores, a sus principios, a sus hombres.<\/p>\n\n\n\n<p>Tampoco promovemos el retorno a gobiernos corruptos y clientelistas del pasado<\/p>\n\n\n\n<p>Seguiremos desarrollando en todos los rincones estas asambleas con la intenci\u00f3n de ir camino a la recuperaci\u00f3n y reconstrucci\u00f3n de nuestra UCR de la que tanto precisa la Argentina.<\/p>\n\n\n\n<p>\u201cQuien quiera o\u00edr, que oiga.\u201d<\/p>\n","protected":false},"excerpt":{"rendered":"<p>Autoridades y dirigentes de la UCR, en su habitual recorrida por los distintos comit&eacute;s, se reunieron con militantes de la Seccional 17 de Paran&aacute;, del debate surge que no nos sentimos representados, ni por la Libertad Avanza, ni por su pol&iacute;tica de gobierno, como tampoco por la lista de candidatos presentada por esta nueva Alianza. [&hellip;]<\/p>\n","protected":false},"author":2,"featured_media":30648,"comment_status":"closed","ping_status":"closed","sticky":false,"template":"","format":"standard","meta":{"footnotes":""},"categories":[11,4],"tags":[33,212,3076,95,6014,216],"class_list":["post-30646","post","type-post","status-publish","format-standard","has-post-thumbnail","hentry","category-politica","category-provinciales","tag-entre-rios","tag-javier-milei","tag-la-libertad-avanza","tag-parana","tag-seccional-17","tag-ucr"],"_links":{"self":[{"href":"https:\/\/impactodenoticias.com.ar\/index.php?rest_route=\/wp\/v2\/posts\/30646","targetHints":{"allow":["GET"]}}],"collection":[{"href":"https:\/\/impactodenoticias.com.ar\/index.php?rest_route=\/wp\/v2\/posts"}],"about":[{"href":"https:\/\/impactodenoticias.com.ar\/index.php?rest_route=\/wp\/v2\/types\/post"}],"author":[{"embeddable":true,"href":"https:\/\/impactodenoticias.com.ar\/index.php?rest_route=\/wp\/v2\/users\/2"}],"replies":[{"embeddable":true,"href":"https:\/\/impactodenoticias.com.ar\/index.php?rest_route=%2Fwp%2Fv2%2Fcomments&post=30646"}],"version-history":[{"count":2,"href":"https:\/\/impactodenoticias.com.ar\/index.php?rest_route=\/wp\/v2\/posts\/30646\/revisions"}],"predecessor-version":[{"id":30652,"href":"https:\/\/impactodenoticias.com.ar\/index.php?rest_route=\/wp\/v2\/posts\/30646\/revisions\/30652"}],"wp:featuredmedia":[{"embeddable":true,"href":"https:\/\/impactodenoticias.com.ar\/index.php?rest_route=\/wp\/v2\/media\/30648"}],"wp:attachment":[{"href":"https:\/\/impactodenoticias.com.ar\/index.php?rest_route=%2Fwp%2Fv2%2Fmedia&parent=30646"}],"wp:term":[{"taxonomy":"category","embeddable":true,"href":"https:\/\/impactodenoticias.com.ar\/index.php?rest_route=%2Fwp%2Fv2%2Fcategories&post=30646"},{"taxonomy":"post_tag","embeddable":true,"href":"https:\/\/impactodenoticias.com.ar\/index.php?rest_route=%2Fwp%2Fv2%2Ftags&post=30646"}],"curies":[{"name":"wp","href":"https:\/\/api.w.org\/{rel}","templated":true}]}}