{"id":3065,"date":"2024-08-23T21:08:43","date_gmt":"2024-08-24T00:08:43","guid":{"rendered":"https:\/\/impactodenoticias.com.ar\/?p=3065"},"modified":"2024-08-25T09:53:32","modified_gmt":"2024-08-25T12:53:32","slug":"concejales-paranaenses-y-uruguayenses-delinean-estrategias-de-gestion","status":"publish","type":"post","link":"https:\/\/impactodenoticias.com.ar\/?p=3065","title":{"rendered":"Concejales paranaenses y uruguayenses delinean estrategias de gesti\u00f3n"},"content":{"rendered":"\n<h3 class=\"wp-block-heading\">Fue este viernes en el Sal\u00f3n Mariano Moreno del HCD de Paran\u00e1. Ediles del oficialismo de ambas ciudades analizaron la coyuntura social y pol\u00edtica y dialogaron sobre la necesidad de garantizar mejores servicios para la comunidad.<\/h3>\n\n\n\n<p>\u201cEl balance es sumamente positivo. Nos enfocamos en c\u00f3mo generar pol\u00edticas de gesti\u00f3n para garantizar mejores servicios y calidad de vida para nuestros vecinos\u201d, expres\u00f3 el concejal de Paran\u00e1, Enrique R\u00edos.<\/p>\n\n\n\n<p>En este sentido, plante\u00f3 que \u201ces importante nutrirnos de las experiencias de otros lugares para ir construyendo herramientas en base al di\u00e1logo y al consenso\u201d.<\/p>\n\n\n\n<p><\/p>\n\n\n\n<figure class=\"wp-block-image size-full\"><img loading=\"lazy\" decoding=\"async\" width=\"800\" height=\"533\" src=\"https:\/\/impactodenoticias.com.ar\/wp-content\/uploads\/2024\/08\/ad638edb-29de-4414-b70b-e2fbc3c190a6.jpg\" alt=\"\" class=\"wp-image-3066\" srcset=\"https:\/\/impactodenoticias.com.ar\/wp-content\/uploads\/2024\/08\/ad638edb-29de-4414-b70b-e2fbc3c190a6.jpg 800w, https:\/\/impactodenoticias.com.ar\/wp-content\/uploads\/2024\/08\/ad638edb-29de-4414-b70b-e2fbc3c190a6-300x200.jpg 300w, https:\/\/impactodenoticias.com.ar\/wp-content\/uploads\/2024\/08\/ad638edb-29de-4414-b70b-e2fbc3c190a6-768x512.jpg 768w\" sizes=\"auto, (max-width: 800px) 100vw, 800px\" \/><\/figure>\n\n\n\n<p><\/p>\n\n\n\n<p>Finalmente, R\u00edos sostuvo que como resultado del encuentro, surgieron dos propuestas directas. Por un lado, \u00absolicitar al gobierno nacional y provincial la continuidad de las obras en los distintos municipios, pero fundamentalmente que esta continuidad est\u00e9 consensuada con los presidentes municipales que saben las prioridades de los vecinos\u00bb. Y adem\u00e1s, \u00abpoder plasmar esta actividad que hicimos hoy con otros concejales y viceintendentes de la provincia, as\u00ed que definimos como meta realizar a fines de septiembre y principios de octubre un nuevo encuentro de concejales y viceintendentes del espacio\u00bb.<\/p>\n\n\n\n<p>Por su parte, el edil y presidente del bloque del PJ uruguayense, Juan Mart\u00edn Garay, dijo que el trabajo legislativo \u201cno son solo palabras, sino que le ponemos el cuerpo y apuntamos a los hechos. Por eso nos vinculamos y celebramos esta posibilidad de di\u00e1logo y encuentro con el bloque oficialista de este Concejo Deliberante\u201d.<\/p>\n","protected":false},"excerpt":{"rendered":"<p>Fue este viernes en el Sal&oacute;n Mariano Moreno del HCD de Paran&aacute;. Ediles del oficialismo de ambas ciudades analizaron la coyuntura social y pol&iacute;tica y dialogaron sobre la necesidad de garantizar mejores servicios para la comunidad. &ldquo;El balance es sumamente positivo. Nos enfocamos en c&oacute;mo generar pol&iacute;ticas de gesti&oacute;n para garantizar mejores servicios y calidad [&hellip;]<\/p>\n","protected":false},"author":2,"featured_media":3067,"comment_status":"open","ping_status":"open","sticky":false,"template":"","format":"standard","meta":{"footnotes":""},"categories":[3,11],"tags":[134,163,95,1455,1456],"class_list":["post-3065","post","type-post","status-publish","format-standard","has-post-thumbnail","hentry","category-locales","category-politica","tag-concejales","tag-enrique-rios","tag-parana","tag-paranaenses","tag-uruguayenses"],"_links":{"self":[{"href":"https:\/\/impactodenoticias.com.ar\/index.php?rest_route=\/wp\/v2\/posts\/3065","targetHints":{"allow":["GET"]}}],"collection":[{"href":"https:\/\/impactodenoticias.com.ar\/index.php?rest_route=\/wp\/v2\/posts"}],"about":[{"href":"https:\/\/impactodenoticias.com.ar\/index.php?rest_route=\/wp\/v2\/types\/post"}],"author":[{"embeddable":true,"href":"https:\/\/impactodenoticias.com.ar\/index.php?rest_route=\/wp\/v2\/users\/2"}],"replies":[{"embeddable":true,"href":"https:\/\/impactodenoticias.com.ar\/index.php?rest_route=%2Fwp%2Fv2%2Fcomments&post=3065"}],"version-history":[{"count":1,"href":"https:\/\/impactodenoticias.com.ar\/index.php?rest_route=\/wp\/v2\/posts\/3065\/revisions"}],"predecessor-version":[{"id":3068,"href":"https:\/\/impactodenoticias.com.ar\/index.php?rest_route=\/wp\/v2\/posts\/3065\/revisions\/3068"}],"wp:featuredmedia":[{"embeddable":true,"href":"https:\/\/impactodenoticias.com.ar\/index.php?rest_route=\/wp\/v2\/media\/3067"}],"wp:attachment":[{"href":"https:\/\/impactodenoticias.com.ar\/index.php?rest_route=%2Fwp%2Fv2%2Fmedia&parent=3065"}],"wp:term":[{"taxonomy":"category","embeddable":true,"href":"https:\/\/impactodenoticias.com.ar\/index.php?rest_route=%2Fwp%2Fv2%2Fcategories&post=3065"},{"taxonomy":"post_tag","embeddable":true,"href":"https:\/\/impactodenoticias.com.ar\/index.php?rest_route=%2Fwp%2Fv2%2Ftags&post=3065"}],"curies":[{"name":"wp","href":"https:\/\/api.w.org\/{rel}","templated":true}]}}