{"id":30658,"date":"2025-10-12T19:52:54","date_gmt":"2025-10-12T22:52:54","guid":{"rendered":"https:\/\/impactodenoticias.com.ar\/?p=30658"},"modified":"2025-10-13T17:50:28","modified_gmt":"2025-10-13T20:50:28","slug":"hondo-pesar-por-el-fallecimiento-jorge-mendez-autor-de-cancion-de-puerto-sanchez","status":"publish","type":"post","link":"https:\/\/impactodenoticias.com.ar\/?p=30658","title":{"rendered":"Hondo pesar por el fallecimiento Jorge M\u00e9ndez, autor de \u201cCanci\u00f3n de Puerto S\u00e1nchez\u201d"},"content":{"rendered":"\n<h2 class=\"wp-block-heading\">Este domingo falleci\u00f3 a los 83 a\u00f1os el poeta y cantor Jorge M\u00e9ndez, quien resid\u00eda en Oro Verde. La noticia fue confirmada por sus familiares, quienes indicaron que sus restos ser\u00e1n velados de 15 a 21.<\/h2>\n\n\n\n<p>Hay voces que no se apagan. La de Jorge M\u00e9ndez, cantor y poeta nacido en Paran\u00e1 en 1942, sigue viva en cada rasguido de guitarra, en cada estrofa que evoca la ra\u00edz profunda de esta tierra entrerriana. Su vida fue \u2014y sigue siendo\u2014 una canci\u00f3n escrita con paciencia de r\u00edo, con hondura de monte y con esa esperanza obstinada de quienes creen que el canto puede ser resistencia, memoria y caricia.<\/p>\n\n\n\n<p>Antes de cumplir veinte a\u00f1os, M\u00e9ndez ya hab\u00eda dejado su huella en el cancionero popular con la inolvidable \u201cCanci\u00f3n del jornalero\u201d, un himno de dignidad que en Cosqu\u00edn 1965 lo consagr\u00f3 como revelaci\u00f3n y lo instal\u00f3 para siempre entre los grandes del folklore argentino. Desde entonces, su voz y su guitarra acompa\u00f1aron la historia musical del pa\u00eds durante d\u00e9cadas de esplendor. No fue un destello fugaz, sino una llama constante que ilumin\u00f3 tanto la memoria del pueblo como el horizonte de los so\u00f1adores.<\/p>\n\n\n\n<p>Su poes\u00eda, tejida con lecturas, silencios y el pulso de su Entre R\u00edos natal, elev\u00f3 la canci\u00f3n popular a un plano literario pocas veces alcanzado. Mientras muchos escrib\u00edan simples letras, M\u00e9ndez compon\u00eda verdaderos poemas: sonetos que, al abrazar la m\u00fasica, se transformaban en chamarritas, vidalas y milongas, demostrando que la l\u00edrica puede bailar con el pueblo sin perder su profundidad.<\/p>\n\n\n\n<p>Entre sus obras m\u00e1s reconocidas se cuentan \u201cCanci\u00f3n de Puerto S\u00e1nchez\u201d, \u201cPuentecito de la Picada\u201d, \u201cEl viejo Aguar\u00e1\u201d y \u201cPalabras al Principito\u201d, piezas que forman parte del ADN musical del Litoral. Algunas cruzaron fronteras y fueron traducidas al ingl\u00e9s, al alem\u00e1n y al guaran\u00ed, como si el r\u00edo Paran\u00e1 extendiera sus brazos l\u00edquidos hacia otros continentes para llevar su voz a\u00fan m\u00e1s lejos.<\/p>\n\n\n\n<p>Nacido el 10 de agosto de 1942, Jorge M\u00e9ndez comenz\u00f3 como poeta antes de abrazar el canto y la guitarra. Su trayectoria, coherente y comprometida, estuvo siempre ligada al pueblo y a la palabra. Su arte, fiel a sus ra\u00edces, consolid\u00f3 una obra que hoy se considera esencial dentro de la cultura entrerriana.<\/p>\n\n\n\n<p><strong>Un homenaje en vida<\/strong><\/p>\n\n\n\n<p>Hace dos a\u00f1os, el Municipio de Oro Verde le rindi\u00f3 un c\u00e1lido homenaje en el Sal\u00f3n de Usos M\u00faltiples de la Facultad de Ciencias Agropecuarias de la UNER. Aquella noche reuni\u00f3 a grandes m\u00fasicos y amigos del artista, entre ellos Orlando Vera Cruz, La Banda de la Oveja, Gerardo Far\u00edas y Pepo Riedel, quienes celebraron su legado con m\u00fasica y afecto.<\/p>\n\n\n\n<p>\u201cEs un orgullo entrerriano. Me hace feliz que este homenaje se haga en vida\u201d, expres\u00f3 entonces Gerardo Far\u00edas. En tanto, Vera Cruz destac\u00f3: \u201cUn maestro con el que hemos navegado much\u00edsimas veces. En Espa\u00f1a tambi\u00e9n se cantan sus canciones\u201d.<\/p>\n\n\n\n<p>Fue una jornada de reconocimiento y cari\u00f1o hacia un creador que, con la sencillez del r\u00edo y la firmeza de su palabra, retrat\u00f3 como pocos la identidad del pueblo litorale\u00f1o.<\/p>\n","protected":false},"excerpt":{"rendered":"<p>Este domingo falleci&oacute; a los 83 a&ntilde;os el poeta y cantor Jorge M&eacute;ndez, quien resid&iacute;a en Oro Verde. La noticia fue confirmada por sus familiares, quienes indicaron que sus restos ser&aacute;n velados de 15 a 21. Hay voces que no se apagan. La de Jorge M&eacute;ndez, cantor y poeta nacido en Paran&aacute; en 1942, sigue [&hellip;]<\/p>\n","protected":false},"author":2,"featured_media":30659,"comment_status":"closed","ping_status":"closed","sticky":false,"template":"","format":"standard","meta":{"footnotes":""},"categories":[4,49],"tags":[6019,124,4634,722],"class_list":["post-30658","post","type-post","status-publish","format-standard","has-post-thumbnail","hentry","category-provinciales","category-sociedad","tag-cancion-de-puerto-sanchez","tag-fallecimiento","tag-jorge-mendez","tag-oro-verde"],"_links":{"self":[{"href":"https:\/\/impactodenoticias.com.ar\/index.php?rest_route=\/wp\/v2\/posts\/30658","targetHints":{"allow":["GET"]}}],"collection":[{"href":"https:\/\/impactodenoticias.com.ar\/index.php?rest_route=\/wp\/v2\/posts"}],"about":[{"href":"https:\/\/impactodenoticias.com.ar\/index.php?rest_route=\/wp\/v2\/types\/post"}],"author":[{"embeddable":true,"href":"https:\/\/impactodenoticias.com.ar\/index.php?rest_route=\/wp\/v2\/users\/2"}],"replies":[{"embeddable":true,"href":"https:\/\/impactodenoticias.com.ar\/index.php?rest_route=%2Fwp%2Fv2%2Fcomments&post=30658"}],"version-history":[{"count":1,"href":"https:\/\/impactodenoticias.com.ar\/index.php?rest_route=\/wp\/v2\/posts\/30658\/revisions"}],"predecessor-version":[{"id":30660,"href":"https:\/\/impactodenoticias.com.ar\/index.php?rest_route=\/wp\/v2\/posts\/30658\/revisions\/30660"}],"wp:featuredmedia":[{"embeddable":true,"href":"https:\/\/impactodenoticias.com.ar\/index.php?rest_route=\/wp\/v2\/media\/30659"}],"wp:attachment":[{"href":"https:\/\/impactodenoticias.com.ar\/index.php?rest_route=%2Fwp%2Fv2%2Fmedia&parent=30658"}],"wp:term":[{"taxonomy":"category","embeddable":true,"href":"https:\/\/impactodenoticias.com.ar\/index.php?rest_route=%2Fwp%2Fv2%2Fcategories&post=30658"},{"taxonomy":"post_tag","embeddable":true,"href":"https:\/\/impactodenoticias.com.ar\/index.php?rest_route=%2Fwp%2Fv2%2Ftags&post=30658"}],"curies":[{"name":"wp","href":"https:\/\/api.w.org\/{rel}","templated":true}]}}