{"id":30678,"date":"2025-10-13T17:49:21","date_gmt":"2025-10-13T20:49:21","guid":{"rendered":"https:\/\/impactodenoticias.com.ar\/?p=30678"},"modified":"2025-10-15T07:17:27","modified_gmt":"2025-10-15T10:17:27","slug":"hallaron-un-cuerpo-en-concordia-y-las-autoridades-investigan-si-se-trata-del-chofer-que-traslado-a-laurta","status":"publish","type":"post","link":"https:\/\/impactodenoticias.com.ar\/?p=30678","title":{"rendered":"Hallaron un cuerpo en Concordia y las autoridades investigan si se trata del chofer que traslad\u00f3 a Laurta"},"content":{"rendered":"\n<h2 class=\"wp-block-heading\">Un cuerpo fue encontrado en el departamento Concordia. Los restos fueron localizados en la zona de Estaci\u00f3n Yer\u00faa e investigan si se trata de Mart\u00edn Palacios, el chofer de transporte privado que hab\u00eda sido contratado por Pablo Laurta, acusado de un doble femicidio en C\u00f3rdoba y arrestado en un hotel en Gualeguaych\u00fa el domingo.<\/h2>\n\n\n\n<p>El conductor es oriundo de Buenos Aires, tiene familia en Concordia y trabaja con su propio coche, un Toyota Corolla blanco con techo negro que apareci\u00f3 quemado. Seg\u00fan reconstruyeron los investigadores, la noche del 8 de octubre avis\u00f3 que ten\u00eda un \u201ctraslado ejecutivo\u201d y sali\u00f3 hacia C\u00f3rdoba.<\/p>\n\n\n\n<p>Desde ese momento, no volvi\u00f3 a comunicarse con su familia. Su tel\u00e9fono se apag\u00f3 poco despu\u00e9s de la medianoche y, horas m\u00e1s tarde, el auto fue encontrado incendiado en un descampado del barrio Villa Retiro, sobre el camino de las Altas Cumbres, en la provincia de C\u00f3rdoba.<\/p>\n","protected":false},"excerpt":{"rendered":"<p>Un cuerpo fue encontrado en el departamento Concordia. Los restos fueron localizados en la zona de Estaci&oacute;n Yer&uacute;a e investigan si se trata de Mart&iacute;n Palacios, el chofer de transporte privado que hab&iacute;a sido contratado por Pablo Laurta, acusado de un doble femicidio en C&oacute;rdoba y arrestado en un hotel en Gualeguaych&uacute; el domingo. El [&hellip;]<\/p>\n","protected":false},"author":2,"featured_media":30679,"comment_status":"closed","ping_status":"closed","sticky":false,"template":"","format":"standard","meta":{"footnotes":""},"categories":[8,4],"tags":[72,260,576,681,6027,6023,1334],"class_list":["post-30678","post","type-post","status-publish","format-standard","has-post-thumbnail","hentry","category-policiales","category-provinciales","tag-concordia","tag-cuerpo","tag-hallazgo","tag-investigacion","tag-martin-palacios","tag-pablo-laurta","tag-remisero"],"_links":{"self":[{"href":"https:\/\/impactodenoticias.com.ar\/index.php?rest_route=\/wp\/v2\/posts\/30678","targetHints":{"allow":["GET"]}}],"collection":[{"href":"https:\/\/impactodenoticias.com.ar\/index.php?rest_route=\/wp\/v2\/posts"}],"about":[{"href":"https:\/\/impactodenoticias.com.ar\/index.php?rest_route=\/wp\/v2\/types\/post"}],"author":[{"embeddable":true,"href":"https:\/\/impactodenoticias.com.ar\/index.php?rest_route=\/wp\/v2\/users\/2"}],"replies":[{"embeddable":true,"href":"https:\/\/impactodenoticias.com.ar\/index.php?rest_route=%2Fwp%2Fv2%2Fcomments&post=30678"}],"version-history":[{"count":1,"href":"https:\/\/impactodenoticias.com.ar\/index.php?rest_route=\/wp\/v2\/posts\/30678\/revisions"}],"predecessor-version":[{"id":30680,"href":"https:\/\/impactodenoticias.com.ar\/index.php?rest_route=\/wp\/v2\/posts\/30678\/revisions\/30680"}],"wp:featuredmedia":[{"embeddable":true,"href":"https:\/\/impactodenoticias.com.ar\/index.php?rest_route=\/wp\/v2\/media\/30679"}],"wp:attachment":[{"href":"https:\/\/impactodenoticias.com.ar\/index.php?rest_route=%2Fwp%2Fv2%2Fmedia&parent=30678"}],"wp:term":[{"taxonomy":"category","embeddable":true,"href":"https:\/\/impactodenoticias.com.ar\/index.php?rest_route=%2Fwp%2Fv2%2Fcategories&post=30678"},{"taxonomy":"post_tag","embeddable":true,"href":"https:\/\/impactodenoticias.com.ar\/index.php?rest_route=%2Fwp%2Fv2%2Ftags&post=30678"}],"curies":[{"name":"wp","href":"https:\/\/api.w.org\/{rel}","templated":true}]}}