{"id":30684,"date":"2025-10-14T17:22:09","date_gmt":"2025-10-14T20:22:09","guid":{"rendered":"https:\/\/impactodenoticias.com.ar\/?p=30684"},"modified":"2025-10-16T09:34:26","modified_gmt":"2025-10-16T12:34:26","slug":"caso-pablo-laurta-estamos-ante-una-verdadera-mente-criminal-metodica-expreso-roncaglia","status":"publish","type":"post","link":"https:\/\/impactodenoticias.com.ar\/?p=30684","title":{"rendered":"Caso Pablo Laurta: \u201cEstamos ante una verdadera mente criminal met\u00f3dica\u201d, expreso Roncaglia"},"content":{"rendered":"\n<h2 class=\"wp-block-heading\">El ministro de Seguridad y Justicia de Entre R\u00edos, N\u00e9stor Roncaglia, brind\u00f3 una conferencia de prensa este martes por el caso de Pablo Laurta, el doble femicida que fue detenido en Entre R\u00edos y sospechoso de la desaparici\u00f3n y muerte del chofer Mart\u00edn Palacios en Concordia.<\/h2>\n\n\n\n<p>\u201cEstamos ante una verdadera mente criminal met\u00f3dica que manej\u00f3 todas las variables y no lo hizo por mero impulso. Tuvo plena conciencia de los delitos que iba a cometer. Ser\u00e1 motivo de estudio de libros y manuales c\u00f3mo esta persona cometi\u00f3 estos delitos aberrantes\u201d, asegur\u00f3 el ministro de seguridad.<\/p>\n\n\n\n<p><strong>\u201cEstuvo 10 d\u00edas practicando c\u00f3mo manejar un kayak\u201d<\/strong><\/p>\n\n\n\n<p>\u201cEsto obedeci\u00f3 a un plan. Tuvo un plan criminal para asesinar a estas dos personas en C\u00f3rdoba y posiblemente a Mart\u00edn. Es un plan con el que vino desde Uruguay\u201d, confirm\u00f3 Roncaglia. Adem\u00e1s, dijo que Laurta alquil\u00f3 una caba\u00f1a en Salto, donde abandon\u00f3 su veh\u00edculo, y luego cruz\u00f3 en una embarcaci\u00f3n por alg\u00fan punto de Puerto Yeru\u00e1.<\/p>\n\n\n\n<p>Posteriormente, lleg\u00f3 a Concordia el martes 7, d\u00eda en que comienza su recorrido delictivo con la contrataci\u00f3n del chofer Mart\u00edn Palacios. En la conferencia, Roncaglia realiz\u00f3 una cronolog\u00eda de los episodios y de los pasos de la investigaci\u00f3n, adem\u00e1s enumer\u00f3 las pruebas que incriminan al uruguayo en el asesinato en Entre R\u00edos.<\/p>\n\n\n\n<p>\u201cEl contexto nos permite sospechar en un 99% que el cuerpo hallado puede ser el de Mart\u00edn Palacios\u201d, a\u00f1adi\u00f3, sobre el proceso de identificaci\u00f3n de los restos que se hallaron este martes en un camino vecinal que conecta Estaci\u00f3n con General Campos, en el departamento Concordia.<\/p>\n\n\n\n<p>Pablo Laurta ser\u00e1 trasladado este mi\u00e9rcoles desde Gualeguaych\u00fa a Concordia, para ser indagado por la desaparici\u00f3n y el presunto crimen de Mart\u00edn Palacios, el chofer que contrat\u00f3 para viajar hacia C\u00f3rdoba antes de cometer el doble femicidio.<\/p>\n\n\n\n<p>El acusado deber\u00e1 comparecer ante la Justicia en Entre R\u00edos y pasar\u00e1 un d\u00eda m\u00e1s en la provincia, antes de ser trasladado a la c\u00e1rcel de Bower, en C\u00f3rdoba, donde lo esperan para imputarlo por el crimen de su expareja y su exsuegra.<\/p>\n","protected":false},"excerpt":{"rendered":"<p>El ministro de Seguridad y Justicia de Entre R&iacute;os, N&eacute;stor Roncaglia, brind&oacute; una conferencia de prensa este martes por el caso de Pablo Laurta, el doble femicida que fue detenido en Entre R&iacute;os y sospechoso de la desaparici&oacute;n y muerte del chofer Mart&iacute;n Palacios en Concordia. &ldquo;Estamos ante una verdadera mente criminal met&oacute;dica que manej&oacute; [&hellip;]<\/p>\n","protected":false},"author":2,"featured_media":30685,"comment_status":"closed","ping_status":"closed","sticky":false,"template":"","format":"standard","meta":{"footnotes":""},"categories":[90,8,4],"tags":[6027,489,6023],"class_list":["post-30684","post","type-post","status-publish","format-standard","has-post-thumbnail","hentry","category-judicial","category-policiales","category-provinciales","tag-martin-palacios","tag-nestor-roncaglia","tag-pablo-laurta"],"_links":{"self":[{"href":"https:\/\/impactodenoticias.com.ar\/index.php?rest_route=\/wp\/v2\/posts\/30684","targetHints":{"allow":["GET"]}}],"collection":[{"href":"https:\/\/impactodenoticias.com.ar\/index.php?rest_route=\/wp\/v2\/posts"}],"about":[{"href":"https:\/\/impactodenoticias.com.ar\/index.php?rest_route=\/wp\/v2\/types\/post"}],"author":[{"embeddable":true,"href":"https:\/\/impactodenoticias.com.ar\/index.php?rest_route=\/wp\/v2\/users\/2"}],"replies":[{"embeddable":true,"href":"https:\/\/impactodenoticias.com.ar\/index.php?rest_route=%2Fwp%2Fv2%2Fcomments&post=30684"}],"version-history":[{"count":1,"href":"https:\/\/impactodenoticias.com.ar\/index.php?rest_route=\/wp\/v2\/posts\/30684\/revisions"}],"predecessor-version":[{"id":30686,"href":"https:\/\/impactodenoticias.com.ar\/index.php?rest_route=\/wp\/v2\/posts\/30684\/revisions\/30686"}],"wp:featuredmedia":[{"embeddable":true,"href":"https:\/\/impactodenoticias.com.ar\/index.php?rest_route=\/wp\/v2\/media\/30685"}],"wp:attachment":[{"href":"https:\/\/impactodenoticias.com.ar\/index.php?rest_route=%2Fwp%2Fv2%2Fmedia&parent=30684"}],"wp:term":[{"taxonomy":"category","embeddable":true,"href":"https:\/\/impactodenoticias.com.ar\/index.php?rest_route=%2Fwp%2Fv2%2Fcategories&post=30684"},{"taxonomy":"post_tag","embeddable":true,"href":"https:\/\/impactodenoticias.com.ar\/index.php?rest_route=%2Fwp%2Fv2%2Ftags&post=30684"}],"curies":[{"name":"wp","href":"https:\/\/api.w.org\/{rel}","templated":true}]}}