{"id":30687,"date":"2025-10-14T19:03:28","date_gmt":"2025-10-14T22:03:28","guid":{"rendered":"https:\/\/impactodenoticias.com.ar\/?p=30687"},"modified":"2025-10-16T09:34:22","modified_gmt":"2025-10-16T12:34:22","slug":"rebelion-policial-en-entre-rios-ni-para-el-jabon-del-uniforme","status":"publish","type":"post","link":"https:\/\/impactodenoticias.com.ar\/?p=30687","title":{"rendered":"Rebeli\u00f3n policial en Entre R\u00edos: \u00bb Ni para el jab\u00f3n del uniforme\u00bb"},"content":{"rendered":"\n<h2 class=\"wp-block-heading\">Es la expresi\u00f3n de los miles de polic\u00edas que no cobrar\u00e1n la irrisoria cifra que el gobernador Rogelio Frigerio otorgar\u00e1 a una fracci\u00f3n de polic\u00edas entrerrianos.<\/h2>\n\n\n\n<p>Pero la indignaci\u00f3n no es s\u00f3lo por la miserable cifra, sino que adem\u00e1s no contempla el cobro a los administrativos, log\u00edsticos ni retirados.<\/p>\n\n\n\n<p class=\"has-black-color has-text-color has-link-color wp-elements-a4f78bac2d0cea637fa9d0676984af9a\"><strong>La cuota del gimnasio donde asiste el Ministro Roncaglia -Jefe pol\u00edtico de la polic\u00eda- es de $75 mil por mes,<\/strong> el doble de la misera cifra que se otorgar\u00e1 a quienes deben velar con sus propias vidas por la seguridad de la comunidad , no es menor aclarar que es por \u00fanica vez, en negro , no ser\u00e1 considerado en el sueldo y no alcanza a los jubilados.<\/p>\n\n\n\n<p><strong>En fin, \u00abni para el jab\u00f3n que lava los uniformes en todo un mes\u00bb<\/strong><\/p>\n\n\n\n<p>Si la intenci\u00f3n era conseguir los votos de la familia policial, gener\u00f3 una reacci\u00f3n adversa y despu\u00e9s del decreto gubernamental anunciando la exorbitante cifra de poco m\u00e1s de 30 mil pesos por \u00fanica vez, la busqueda de votos cay\u00f3 en picada, y demostr\u00f3 el poco esfuerzo que los actores pol\u00edticos hacen por los uniformados.<\/p>\n\n\n\n<p>Habr\u00eda que consultar al Ministro Roncaglia si realiz\u00f3 un estudio y an\u00e1lisis del impacto del anuncio y de cu\u00e1ntos votos perdi\u00f3 Frigerio sumados a las incontables promesas de cambios y mejoras. Los cambios vendr\u00e1n pero no para los polic\u00edas.<\/p>\n\n\n\n<p><\/p>\n\n\n\n<div data-wp-interactive=\"core\/file\" class=\"wp-block-file\"><object data-wp-bind--hidden=\"!state.hasPdfPreview\" hidden class=\"wp-block-file__embed\" data=\"https:\/\/impactodenoticias.com.ar\/wp-content\/uploads\/2025\/10\/DECRE-2025-00013163-GER-GOB.pdf\" type=\"application\/pdf\" style=\"width:100%;height:600px\" aria-label=\"Incrustado de DECRE-2025-00013163-GER-GOB.\"><\/object><a id=\"wp-block-file--media-dc565398-5fc6-487c-86e5-17ea4367a34f\" href=\"https:\/\/impactodenoticias.com.ar\/wp-content\/uploads\/2025\/10\/DECRE-2025-00013163-GER-GOB.pdf\">DECRE-2025-00013163-GER-GOB<\/a><a href=\"https:\/\/impactodenoticias.com.ar\/wp-content\/uploads\/2025\/10\/DECRE-2025-00013163-GER-GOB.pdf\" class=\"wp-block-file__button wp-element-button\" download aria-describedby=\"wp-block-file--media-dc565398-5fc6-487c-86e5-17ea4367a34f\">Descarga<\/a><\/div>\n\n\n\n<p><\/p>\n\n\n\n<p><\/p>\n","protected":false},"excerpt":{"rendered":"<p>Es la expresi&oacute;n de los miles de polic&iacute;as que no cobrar&aacute;n la irrisoria cifra que el gobernador Rogelio Frigerio otorgar&aacute; a una fracci&oacute;n de polic&iacute;as entrerrianos. Pero la indignaci&oacute;n no es s&oacute;lo por la miserable cifra, sino que adem&aacute;s no contempla el cobro a los administrativos, log&iacute;sticos ni retirados. La cuota del gimnasio donde asiste [&hellip;]<\/p>\n","protected":false},"author":2,"featured_media":30689,"comment_status":"closed","ping_status":"closed","sticky":false,"template":"","format":"standard","meta":{"footnotes":""},"categories":[8,11,4],"tags":[1770,489,610,39],"class_list":["post-30687","post","type-post","status-publish","format-standard","has-post-thumbnail","hentry","category-policiales","category-politica","category-provinciales","tag-malestar","tag-nestor-roncaglia","tag-policial","tag-rogelio-frigerio"],"_links":{"self":[{"href":"https:\/\/impactodenoticias.com.ar\/index.php?rest_route=\/wp\/v2\/posts\/30687","targetHints":{"allow":["GET"]}}],"collection":[{"href":"https:\/\/impactodenoticias.com.ar\/index.php?rest_route=\/wp\/v2\/posts"}],"about":[{"href":"https:\/\/impactodenoticias.com.ar\/index.php?rest_route=\/wp\/v2\/types\/post"}],"author":[{"embeddable":true,"href":"https:\/\/impactodenoticias.com.ar\/index.php?rest_route=\/wp\/v2\/users\/2"}],"replies":[{"embeddable":true,"href":"https:\/\/impactodenoticias.com.ar\/index.php?rest_route=%2Fwp%2Fv2%2Fcomments&post=30687"}],"version-history":[{"count":1,"href":"https:\/\/impactodenoticias.com.ar\/index.php?rest_route=\/wp\/v2\/posts\/30687\/revisions"}],"predecessor-version":[{"id":30690,"href":"https:\/\/impactodenoticias.com.ar\/index.php?rest_route=\/wp\/v2\/posts\/30687\/revisions\/30690"}],"wp:featuredmedia":[{"embeddable":true,"href":"https:\/\/impactodenoticias.com.ar\/index.php?rest_route=\/wp\/v2\/media\/30689"}],"wp:attachment":[{"href":"https:\/\/impactodenoticias.com.ar\/index.php?rest_route=%2Fwp%2Fv2%2Fmedia&parent=30687"}],"wp:term":[{"taxonomy":"category","embeddable":true,"href":"https:\/\/impactodenoticias.com.ar\/index.php?rest_route=%2Fwp%2Fv2%2Fcategories&post=30687"},{"taxonomy":"post_tag","embeddable":true,"href":"https:\/\/impactodenoticias.com.ar\/index.php?rest_route=%2Fwp%2Fv2%2Ftags&post=30687"}],"curies":[{"name":"wp","href":"https:\/\/api.w.org\/{rel}","templated":true}]}}