{"id":3069,"date":"2024-08-24T09:27:57","date_gmt":"2024-08-24T12:27:57","guid":{"rendered":"https:\/\/impactodenoticias.com.ar\/?p=3069"},"modified":"2024-08-24T09:27:57","modified_gmt":"2024-08-24T12:27:57","slug":"circulan-con-normalidad-los-colectivos-en-parana-tras-el-paro-por-48-horas","status":"publish","type":"post","link":"https:\/\/impactodenoticias.com.ar\/?p=3069","title":{"rendered":"Circulan con normalidad los colectivos en Paran\u00e1 tras el paro por 48 horas"},"content":{"rendered":"\n<p><strong>Concluy\u00f3 el viernes la segunda jornada de paro de colectivos en Paran\u00e1, luego de la adhesi\u00f3n de la Seccional Entre R\u00edos de la Uni\u00f3n Tranviarios Automotor (UTA) a una medida dispuesta por el gremio a nivel nacional.<\/strong><\/p>\n\n\n\n<p>Se cumplieron 48 horas sin unidades circulando en Paran\u00e1 y \u00c1rea metrpolitana. La misma situaci\u00f3n se registr\u00f3 el \u00faltimo fin de semana, cuando se retuvo el servicio por un conflicto con la empresa Buses Paran\u00e1. No obstante, el lunes, con el dictado de conciliaci\u00f3n obligatoria, se retomaron los recorridos. Cabe se\u00f1alar que esa resoluci\u00f3n no tuvo efecto sobre lo determinado para el jueves y viernes, dado que fue una decisi\u00f3n adoptada a nivel nacional.<\/p>\n\n\n\n<p>Los colectivos volvieron a circular en Paran\u00e1 a primera hora de este s\u00e1bado, con normalidad de acuerdo al diagrama de fin de semana. Se retomaron los servicios habituales y no deber\u00eda haber contratiempos.<\/p>\n\n\n\n<p>En cuanto al conflicto con Buses Paran\u00e1, el lunes se llevar\u00e1 a cabo encuentro entre las partes en la Secretar\u00eda de Trabajo, con el objeto de acercar posiciones.<\/p>\n","protected":false},"excerpt":{"rendered":"<p>Concluy&oacute; el viernes la segunda jornada de paro de colectivos en Paran&aacute;, luego de la adhesi&oacute;n de la Seccional Entre R&iacute;os de la Uni&oacute;n Tranviarios Automotor (UTA) a una medida dispuesta por el gremio a nivel nacional. Se cumplieron 48 horas sin unidades circulando en Paran&aacute; y &Aacute;rea metrpolitana. La misma situaci&oacute;n se registr&oacute; el [&hellip;]<\/p>\n","protected":false},"author":2,"featured_media":3070,"comment_status":"open","ping_status":"open","sticky":false,"template":"","format":"standard","meta":{"footnotes":""},"categories":[91,3],"tags":[348,95,365],"class_list":["post-3069","post","type-post","status-publish","format-standard","has-post-thumbnail","hentry","category-gremiales","category-locales","tag-colectivos","tag-parana","tag-uta"],"_links":{"self":[{"href":"https:\/\/impactodenoticias.com.ar\/index.php?rest_route=\/wp\/v2\/posts\/3069","targetHints":{"allow":["GET"]}}],"collection":[{"href":"https:\/\/impactodenoticias.com.ar\/index.php?rest_route=\/wp\/v2\/posts"}],"about":[{"href":"https:\/\/impactodenoticias.com.ar\/index.php?rest_route=\/wp\/v2\/types\/post"}],"author":[{"embeddable":true,"href":"https:\/\/impactodenoticias.com.ar\/index.php?rest_route=\/wp\/v2\/users\/2"}],"replies":[{"embeddable":true,"href":"https:\/\/impactodenoticias.com.ar\/index.php?rest_route=%2Fwp%2Fv2%2Fcomments&post=3069"}],"version-history":[{"count":1,"href":"https:\/\/impactodenoticias.com.ar\/index.php?rest_route=\/wp\/v2\/posts\/3069\/revisions"}],"predecessor-version":[{"id":3071,"href":"https:\/\/impactodenoticias.com.ar\/index.php?rest_route=\/wp\/v2\/posts\/3069\/revisions\/3071"}],"wp:featuredmedia":[{"embeddable":true,"href":"https:\/\/impactodenoticias.com.ar\/index.php?rest_route=\/wp\/v2\/media\/3070"}],"wp:attachment":[{"href":"https:\/\/impactodenoticias.com.ar\/index.php?rest_route=%2Fwp%2Fv2%2Fmedia&parent=3069"}],"wp:term":[{"taxonomy":"category","embeddable":true,"href":"https:\/\/impactodenoticias.com.ar\/index.php?rest_route=%2Fwp%2Fv2%2Fcategories&post=3069"},{"taxonomy":"post_tag","embeddable":true,"href":"https:\/\/impactodenoticias.com.ar\/index.php?rest_route=%2Fwp%2Fv2%2Ftags&post=3069"}],"curies":[{"name":"wp","href":"https:\/\/api.w.org\/{rel}","templated":true}]}}