{"id":30725,"date":"2025-10-16T19:14:53","date_gmt":"2025-10-16T22:14:53","guid":{"rendered":"https:\/\/impactodenoticias.com.ar\/?p=30725"},"modified":"2025-10-23T12:46:36","modified_gmt":"2025-10-23T15:46:36","slug":"la-mejor-policia-del-pais-pero-la-peor-paga-y-con-aumentos-en-negro","status":"publish","type":"post","link":"https:\/\/impactodenoticias.com.ar\/?p=30725","title":{"rendered":"La mejor Polic\u00eda del pa\u00eds, pero la peor paga y con aumentos en negro"},"content":{"rendered":"\n<h2 class=\"wp-block-heading\">El gobierno de Rogelio Frigerio parece cada vez m\u00e1s desconectado de la realidad que atraviesan los trabajadores policiales entrerrianos. Mientras desde el oficialismo se insiste en calificar a la Polic\u00eda de Entre R\u00edos como \u201cla mejor del pa\u00eds\u201d, los aumentos salariales que se ofrecen resultan irrisorios frente a los miserables sueldos que perciben los efectivos.<\/h2>\n\n\n\n<p><\/p>\n\n\n\n<figure class=\"wp-block-image size-large\"><img loading=\"lazy\" decoding=\"async\" width=\"683\" height=\"1024\" src=\"https:\/\/impactodenoticias.com.ar\/wp-content\/uploads\/2025\/10\/ChatGPT-Image-16-oct-2025-07_24_49-p.m.-1-683x1024.png\" alt=\"\" class=\"wp-image-30733\" srcset=\"https:\/\/impactodenoticias.com.ar\/wp-content\/uploads\/2025\/10\/ChatGPT-Image-16-oct-2025-07_24_49-p.m.-1-683x1024.png 683w, https:\/\/impactodenoticias.com.ar\/wp-content\/uploads\/2025\/10\/ChatGPT-Image-16-oct-2025-07_24_49-p.m.-1-200x300.png 200w, https:\/\/impactodenoticias.com.ar\/wp-content\/uploads\/2025\/10\/ChatGPT-Image-16-oct-2025-07_24_49-p.m.-1.png 750w\" sizes=\"auto, (max-width: 683px) 100vw, 683px\" \/><\/figure>\n\n\n\n<p><\/p>\n\n\n\n<p>La brecha entre el discurso y los hechos se agranda mes a mes. En uno de los principales spots de la campa\u00f1a pol\u00edtica que llev\u00f3 a Frigerio a la gobernaci\u00f3n, se promet\u00eda el fin de los \u201caumentos extraordinarios y en negro\u201d que se hab\u00edan vuelto costumbre en gestiones anteriores. Sin embargo, la realidad actual muestra exactamente lo contrario: los incrementos que se anuncian son cada vez m\u00e1s precarios, otorgados como sumas no remunerativas, no bonificables ni acumulativas.<\/p>\n\n\n\n<p>La fuerza que garantiza la seguridad de los entrerrianos trabaja en condiciones cada vez m\u00e1s dif\u00edciles, con salarios que no alcanzan para cubrir las necesidades b\u00e1sicas. A ello se suma la falta de equipamiento, la sobrecarga horaria y la escasa valoraci\u00f3n institucional, lo que agrava el malestar dentro de las filas policiales.<\/p>\n\n\n\n<p>La contradicci\u00f3n entre el discurso del \u201corden\u201d y la pr\u00e1ctica de los \u201csueldos de hambre\u201d refleja un gobierno que, lejos de valorar a quienes est\u00e1n en la primera l\u00ednea del deber, parece haber perdido toda conexi\u00f3n con la realidad cotidiana de la provincia.<\/p>\n\n\n\n<p><\/p>\n\n\n\n<figure class=\"wp-block-video\"><video height=\"850\" style=\"aspect-ratio: 600 \/ 850;\" width=\"600\" controls src=\"https:\/\/impactodenoticias.com.ar\/wp-content\/uploads\/2025\/10\/WhatsApp-Video-2025-10-16-at-5.15.57-PM.mp4\"><\/video><\/figure>\n\n\n\n<p><\/p>\n\n\n\n<p><\/p>\n","protected":false},"excerpt":{"rendered":"<p>El gobierno de Rogelio Frigerio parece cada vez m&aacute;s desconectado de la realidad que atraviesan los trabajadores policiales entrerrianos. Mientras desde el oficialismo se insiste en calificar a la Polic&iacute;a de Entre R&iacute;os como &ldquo;la mejor del pa&iacute;s&rdquo;, los aumentos salariales que se ofrecen resultan irrisorios frente a los miserables sueldos que perciben los efectivos. [&hellip;]<\/p>\n","protected":false},"author":2,"featured_media":30732,"comment_status":"closed","ping_status":"closed","sticky":false,"template":"","format":"standard","meta":{"footnotes":""},"categories":[8,11,4],"tags":[33,426,39],"class_list":["post-30725","post","type-post","status-publish","format-standard","has-post-thumbnail","hentry","category-policiales","category-politica","category-provinciales","tag-entre-rios","tag-policia","tag-rogelio-frigerio"],"_links":{"self":[{"href":"https:\/\/impactodenoticias.com.ar\/index.php?rest_route=\/wp\/v2\/posts\/30725","targetHints":{"allow":["GET"]}}],"collection":[{"href":"https:\/\/impactodenoticias.com.ar\/index.php?rest_route=\/wp\/v2\/posts"}],"about":[{"href":"https:\/\/impactodenoticias.com.ar\/index.php?rest_route=\/wp\/v2\/types\/post"}],"author":[{"embeddable":true,"href":"https:\/\/impactodenoticias.com.ar\/index.php?rest_route=\/wp\/v2\/users\/2"}],"replies":[{"embeddable":true,"href":"https:\/\/impactodenoticias.com.ar\/index.php?rest_route=%2Fwp%2Fv2%2Fcomments&post=30725"}],"version-history":[{"count":2,"href":"https:\/\/impactodenoticias.com.ar\/index.php?rest_route=\/wp\/v2\/posts\/30725\/revisions"}],"predecessor-version":[{"id":30734,"href":"https:\/\/impactodenoticias.com.ar\/index.php?rest_route=\/wp\/v2\/posts\/30725\/revisions\/30734"}],"wp:featuredmedia":[{"embeddable":true,"href":"https:\/\/impactodenoticias.com.ar\/index.php?rest_route=\/wp\/v2\/media\/30732"}],"wp:attachment":[{"href":"https:\/\/impactodenoticias.com.ar\/index.php?rest_route=%2Fwp%2Fv2%2Fmedia&parent=30725"}],"wp:term":[{"taxonomy":"category","embeddable":true,"href":"https:\/\/impactodenoticias.com.ar\/index.php?rest_route=%2Fwp%2Fv2%2Fcategories&post=30725"},{"taxonomy":"post_tag","embeddable":true,"href":"https:\/\/impactodenoticias.com.ar\/index.php?rest_route=%2Fwp%2Fv2%2Ftags&post=30725"}],"curies":[{"name":"wp","href":"https:\/\/api.w.org\/{rel}","templated":true}]}}