{"id":30787,"date":"2025-10-20T11:52:32","date_gmt":"2025-10-20T14:52:32","guid":{"rendered":"https:\/\/impactodenoticias.com.ar\/?p=30787"},"modified":"2025-10-21T13:28:49","modified_gmt":"2025-10-21T16:28:49","slug":"laurta-fue-trasladado-a-los-tribunales-de-cordoba-y-expreso-que-esta-en-paz","status":"publish","type":"post","link":"https:\/\/impactodenoticias.com.ar\/?p=30787","title":{"rendered":"Laurta fue trasladado a los tribunales de C\u00f3rdoba y expres\u00f3 que est\u00e1 \u201cen paz\u201d"},"content":{"rendered":"\n<h2 class=\"wp-block-heading\">Pablo Laurta, el acusado de doble femicidio y homicidio, fue trasladado desde la ciudad de Gualeguaych\u00fa hasta C\u00f3rdoba con un fuerte operativo de seguridad y a su llegada a los Tribunales de C\u00f3rdoba, volvi\u00f3 hablar y dijo estar \u201cen paz\u201d porque su hijo \u201cahora est\u00e1 a salvo\u201d.<\/h2>\n\n\n\n<p>Despu\u00e9s que en Entre R\u00edos fuera imputado con prisi\u00f3n preventiva por el delito de \u00abhomicidio criminis causa\u00bb en el caso del remisero Mart\u00edn Sebasti\u00e1n Palacio, el domingo por la noche se concret\u00f3 su traslado hacia C\u00f3rdoba, provincia en la que ser\u00e1 acusado del femicidio de su ex pareja Luna Giardina y su ex suegra Mariel Zamudio.<\/p>\n\n\n\n<p>hace aproximadamente una hora Laurta ingres\u00f3 custodiado, con chaleco antibalas y casco, a los Tribunales de C\u00f3rdoba donde se lo imputar\u00e1 y dictar\u00e1 prisi\u00f3n preventiva por el doble femicidio.<\/p>\n\n\n\n<p>En su ingreso, como ya ocurri\u00f3 en otras oportunidades, el acusado volvi\u00f3 a hablar y dijo: \u201cEstoy en paz porque mi hijo ahora est\u00e1 a salvo\u201d.<\/p>\n\n\n\n<p>Esta expresi\u00f3n esta ligada a que, seg\u00fan denunci\u00f3, el menor era v\u00edctima de trata de personas: \u201cHice lo necesario para rescatar a mi hijo\u201d, remarc\u00f3.<\/p>\n\n\n\n<p>Tras la audiencia, ser\u00e1 derivado a la c\u00e1rcel Cruz del Eje, donde tendr\u00e1 un r\u00e9gimen de alta seguridad y permanecer\u00e1 en una celda solo, no por su peligrosidad, si no por tener alta exposici\u00f3n.<\/p>\n\n\n\n<p>En su estad\u00eda en la Unidad Penal N\u00b09 se lo pudo ver a Laurta alojado en una celda \u201clujosa\u201d reci\u00e9n construida y que contaba con una cama y en otro lugar contiguo el ba\u00f1o con un inodoro, una ducha y un lavatorio.<\/p>\n\n\n\n<p>Se trascendi\u00f3 que el operativo fue organizado y llevado a cabo de manera conjunta con patrulleros de la Jefatura Departamental de Gualeguaych\u00fa, la Divisi\u00f3n Homicidios, el Grupo Especial ETER y efectivos de la Polic\u00eda de C\u00f3rdoba.<\/p>\n","protected":false},"excerpt":{"rendered":"<p>Pablo Laurta, el acusado de doble femicidio y homicidio, fue trasladado desde la ciudad de Gualeguaych&uacute; hasta C&oacute;rdoba con un fuerte operativo de seguridad y a su llegada a los Tribunales de C&oacute;rdoba, volvi&oacute; hablar y dijo estar &ldquo;en paz&rdquo; porque su hijo &ldquo;ahora est&aacute; a salvo&rdquo;. Despu&eacute;s que en Entre R&iacute;os fuera imputado con [&hellip;]<\/p>\n","protected":false},"author":2,"featured_media":30788,"comment_status":"closed","ping_status":"closed","sticky":false,"template":"","format":"standard","meta":{"footnotes":""},"categories":[90,8,4],"tags":[2086,6023,2111,380],"class_list":["post-30787","post","type-post","status-publish","format-standard","has-post-thumbnail","hentry","category-judicial","category-policiales","category-provinciales","tag-cordoba","tag-pablo-laurta","tag-traslado","tag-tribunales"],"_links":{"self":[{"href":"https:\/\/impactodenoticias.com.ar\/index.php?rest_route=\/wp\/v2\/posts\/30787","targetHints":{"allow":["GET"]}}],"collection":[{"href":"https:\/\/impactodenoticias.com.ar\/index.php?rest_route=\/wp\/v2\/posts"}],"about":[{"href":"https:\/\/impactodenoticias.com.ar\/index.php?rest_route=\/wp\/v2\/types\/post"}],"author":[{"embeddable":true,"href":"https:\/\/impactodenoticias.com.ar\/index.php?rest_route=\/wp\/v2\/users\/2"}],"replies":[{"embeddable":true,"href":"https:\/\/impactodenoticias.com.ar\/index.php?rest_route=%2Fwp%2Fv2%2Fcomments&post=30787"}],"version-history":[{"count":1,"href":"https:\/\/impactodenoticias.com.ar\/index.php?rest_route=\/wp\/v2\/posts\/30787\/revisions"}],"predecessor-version":[{"id":30789,"href":"https:\/\/impactodenoticias.com.ar\/index.php?rest_route=\/wp\/v2\/posts\/30787\/revisions\/30789"}],"wp:featuredmedia":[{"embeddable":true,"href":"https:\/\/impactodenoticias.com.ar\/index.php?rest_route=\/wp\/v2\/media\/30788"}],"wp:attachment":[{"href":"https:\/\/impactodenoticias.com.ar\/index.php?rest_route=%2Fwp%2Fv2%2Fmedia&parent=30787"}],"wp:term":[{"taxonomy":"category","embeddable":true,"href":"https:\/\/impactodenoticias.com.ar\/index.php?rest_route=%2Fwp%2Fv2%2Fcategories&post=30787"},{"taxonomy":"post_tag","embeddable":true,"href":"https:\/\/impactodenoticias.com.ar\/index.php?rest_route=%2Fwp%2Fv2%2Ftags&post=30787"}],"curies":[{"name":"wp","href":"https:\/\/api.w.org\/{rel}","templated":true}]}}