{"id":30790,"date":"2025-10-20T12:02:16","date_gmt":"2025-10-20T15:02:16","guid":{"rendered":"https:\/\/impactodenoticias.com.ar\/?p=30790"},"modified":"2025-10-21T13:28:59","modified_gmt":"2025-10-21T16:28:59","slug":"parana-son-tres-los-detenidos-por-el-crimen-de-la-adolescente-en-bajada-grande","status":"publish","type":"post","link":"https:\/\/impactodenoticias.com.ar\/?p=30790","title":{"rendered":"Paran\u00e1: son tres los detenidos por el crimen de la adolescente en Bajada Grande"},"content":{"rendered":"\n<h2 class=\"wp-block-heading\">En el marco de la investigaci\u00f3n por el asesinato de Jazmin Ayesha Gonz\u00e1lez, de 16 a\u00f1os, la Polic\u00eda llev\u00f3 adelante varios procedimientos y ya hay tres personas detenidas en Paran\u00e1. Entre ellos, el autor del disparo mortal que hab\u00eda sido apu\u00f1alado por allegados a la v\u00edctima.<\/h2>\n\n\n\n<p>El crimen se registr\u00f3 en horas de la madrugada de este domingo, en Bajada Grande, en Paran\u00e1. Alrededor de las 5, en una de las cortadas del barrio se produjo una pelea entre dos grupos de j\u00f3venes que andaban en motos. Uno de ellos sac\u00f3 un arma y dispar\u00f3 hacia los otros, lamentablemente el proyectil impact\u00f3 en la cabeza de una chica que iba de acompa\u00f1ante arriba de una moto, y formaba parte del grupo del joven que dispar\u00f3 y le caus\u00f3 la muerte.<\/p>\n\n\n\n<p>Minutos despu\u00e9s, allegados a la v\u00edctima fatal fueron a la casa de Yamil Alexander Jos\u00e9 Cabrera, de 20 a\u00f1os, sindicado como el autor del homicidio. Lo sacaron de su vivienda y lo apu\u00f1alaron. Est\u00e1 internado en grave estado en el hospital San Mart\u00edn, y bajo custodia policial ya que est\u00e1 arrestado.<\/p>\n\n\n\n<p>Aun no esta claro si el hecho se produjo en el marco de una fiesta que se llevaba adelante en una casa, donde se produjo la pelea y afuera del domicilio la agresi\u00f3n mortal, o si fue una pelea callejera en la zona donde se reun\u00edan muchos j\u00f3venes donde adem\u00e1s se organiz\u00f3 esa fiesta.<\/p>\n\n\n\n<p>La Divisi\u00f3n Homicidios est\u00e1 a cargo de la investigaci\u00f3n, bajo indicaciones de la Fiscal\u00eda, con la participaci\u00f3n de la comisar\u00eda 11\u00b0, el 911 y la Jefatura Departamental, que en horas de la noche de este domingo efectuaban allanamientos para detener a los autores de la agresi\u00f3n hacia Cabrera.<\/p>\n\n\n\n<p>El personal de la Polic\u00eda Cient\u00edfica llev\u00f3 a cabo un relevamiento integral de indicios en la escena del crimen, entre estos vainas de cartuchos de diferentes calibres. Es decir, por estas pruebas y por testigos, se cree que m\u00e1s de una persona utiliz\u00f3 y dispar\u00f3 armas.<\/p>\n\n\n\n<p>En un allanamiento, Homicidios arrest\u00f3 a un joven, que era el conductor de la moto en la que iba la v\u00edctima, y en un allanamiento detuvieron a otro muchacho, a quien le secuestraron una pistola calibre 9 mil\u00edmetros, cuyas pericias determinar\u00e1n si fue utilizada o no en el lugar del brutal asesinato.<\/p>\n","protected":false},"excerpt":{"rendered":"<p>En el marco de la investigaci&oacute;n por el asesinato de Jazmin Ayesha Gonz&aacute;lez, de 16 a&ntilde;os, la Polic&iacute;a llev&oacute; adelante varios procedimientos y ya hay tres personas detenidas en Paran&aacute;. Entre ellos, el autor del disparo mortal que hab&iacute;a sido apu&ntilde;alado por allegados a la v&iacute;ctima. El crimen se registr&oacute; en horas de la madrugada [&hellip;]<\/p>\n","protected":false},"author":2,"featured_media":30791,"comment_status":"closed","ping_status":"closed","sticky":false,"template":"","format":"standard","meta":{"footnotes":""},"categories":[90,3,8],"tags":[110,656,138,6056,95,118],"class_list":["post-30790","post","type-post","status-publish","format-standard","has-post-thumbnail","hentry","category-judicial","category-locales","category-policiales","tag-asesinato","tag-bajada-grande","tag-detenidos","tag-jazmin-ayesha-gonzalez","tag-parana","tag-policiales"],"_links":{"self":[{"href":"https:\/\/impactodenoticias.com.ar\/index.php?rest_route=\/wp\/v2\/posts\/30790","targetHints":{"allow":["GET"]}}],"collection":[{"href":"https:\/\/impactodenoticias.com.ar\/index.php?rest_route=\/wp\/v2\/posts"}],"about":[{"href":"https:\/\/impactodenoticias.com.ar\/index.php?rest_route=\/wp\/v2\/types\/post"}],"author":[{"embeddable":true,"href":"https:\/\/impactodenoticias.com.ar\/index.php?rest_route=\/wp\/v2\/users\/2"}],"replies":[{"embeddable":true,"href":"https:\/\/impactodenoticias.com.ar\/index.php?rest_route=%2Fwp%2Fv2%2Fcomments&post=30790"}],"version-history":[{"count":1,"href":"https:\/\/impactodenoticias.com.ar\/index.php?rest_route=\/wp\/v2\/posts\/30790\/revisions"}],"predecessor-version":[{"id":30792,"href":"https:\/\/impactodenoticias.com.ar\/index.php?rest_route=\/wp\/v2\/posts\/30790\/revisions\/30792"}],"wp:featuredmedia":[{"embeddable":true,"href":"https:\/\/impactodenoticias.com.ar\/index.php?rest_route=\/wp\/v2\/media\/30791"}],"wp:attachment":[{"href":"https:\/\/impactodenoticias.com.ar\/index.php?rest_route=%2Fwp%2Fv2%2Fmedia&parent=30790"}],"wp:term":[{"taxonomy":"category","embeddable":true,"href":"https:\/\/impactodenoticias.com.ar\/index.php?rest_route=%2Fwp%2Fv2%2Fcategories&post=30790"},{"taxonomy":"post_tag","embeddable":true,"href":"https:\/\/impactodenoticias.com.ar\/index.php?rest_route=%2Fwp%2Fv2%2Ftags&post=30790"}],"curies":[{"name":"wp","href":"https:\/\/api.w.org\/{rel}","templated":true}]}}