{"id":30793,"date":"2025-10-20T12:42:54","date_gmt":"2025-10-20T15:42:54","guid":{"rendered":"https:\/\/impactodenoticias.com.ar\/?p=30793"},"modified":"2025-10-20T12:42:55","modified_gmt":"2025-10-20T15:42:55","slug":"hallaron-sin-vida-a-un-hombre-de-65-anos","status":"publish","type":"post","link":"https:\/\/impactodenoticias.com.ar\/?p=30793","title":{"rendered":"Hallaron sin vida a un hombre de 65 a\u00f1os"},"content":{"rendered":"\n<h2 class=\"wp-block-heading\">En las primeras horas de la noche de este domingo, personal policial de Diamante que se encontraba de operativo de prevenci\u00f3n, fue advertido sobre una persona fallecida en el interior de un predio de terreno en avenida Presidente Per\u00f3n y La Florida de Diamante.<\/h2>\n\n\n\n<p>La Polic\u00eda se hizo presente en el lugar y se corrobor\u00f3 el hallazgo de un hombre de 65 a\u00f1os, quien ocupaba una casilla precaria existente junto a una obra de construcci\u00f3n, y en donde resid\u00eda de manera solitaria sin otra compa\u00f1\u00eda.<\/p>\n\n\n\n<p>Desde el Ministerio P\u00fablico Fiscal se ordenaron las medidas periciales a cargo del \u00e1rea de Polic\u00eda Cient\u00edfica de Jefatura Diamante, quienes realizaron el relevamiento t\u00e9cnico.<\/p>\n\n\n\n<p>Ante la evidencia de llevar algunos d\u00edas de fallecido, se dispuso el traslado del cad\u00e1ver hacia el Centro M\u00e9dico Forense ubicado en Oro Verde, a los fines de que se practique la autopsia que permita determinar las causas y circunstancias que produjeran su muerte.<\/p>\n","protected":false},"excerpt":{"rendered":"<p>En las primeras horas de la noche de este domingo, personal policial de Diamante que se encontraba de operativo de prevenci&oacute;n, fue advertido sobre una persona fallecida en el interior de un predio de terreno en avenida Presidente Per&oacute;n y La Florida de Diamante. La Polic&iacute;a se hizo presente en el lugar y se corrobor&oacute; [&hellip;]<\/p>\n","protected":false},"author":2,"featured_media":30794,"comment_status":"closed","ping_status":"closed","sticky":false,"template":"","format":"standard","meta":{"footnotes":""},"categories":[3,8],"tags":[73,2936,146,457,118],"class_list":["post-30793","post","type-post","status-publish","format-standard","has-post-thumbnail","hentry","category-locales","category-policiales","tag-diamante","tag-hallado","tag-hombre","tag-muerto","tag-policiales"],"_links":{"self":[{"href":"https:\/\/impactodenoticias.com.ar\/index.php?rest_route=\/wp\/v2\/posts\/30793","targetHints":{"allow":["GET"]}}],"collection":[{"href":"https:\/\/impactodenoticias.com.ar\/index.php?rest_route=\/wp\/v2\/posts"}],"about":[{"href":"https:\/\/impactodenoticias.com.ar\/index.php?rest_route=\/wp\/v2\/types\/post"}],"author":[{"embeddable":true,"href":"https:\/\/impactodenoticias.com.ar\/index.php?rest_route=\/wp\/v2\/users\/2"}],"replies":[{"embeddable":true,"href":"https:\/\/impactodenoticias.com.ar\/index.php?rest_route=%2Fwp%2Fv2%2Fcomments&post=30793"}],"version-history":[{"count":1,"href":"https:\/\/impactodenoticias.com.ar\/index.php?rest_route=\/wp\/v2\/posts\/30793\/revisions"}],"predecessor-version":[{"id":30795,"href":"https:\/\/impactodenoticias.com.ar\/index.php?rest_route=\/wp\/v2\/posts\/30793\/revisions\/30795"}],"wp:featuredmedia":[{"embeddable":true,"href":"https:\/\/impactodenoticias.com.ar\/index.php?rest_route=\/wp\/v2\/media\/30794"}],"wp:attachment":[{"href":"https:\/\/impactodenoticias.com.ar\/index.php?rest_route=%2Fwp%2Fv2%2Fmedia&parent=30793"}],"wp:term":[{"taxonomy":"category","embeddable":true,"href":"https:\/\/impactodenoticias.com.ar\/index.php?rest_route=%2Fwp%2Fv2%2Fcategories&post=30793"},{"taxonomy":"post_tag","embeddable":true,"href":"https:\/\/impactodenoticias.com.ar\/index.php?rest_route=%2Fwp%2Fv2%2Ftags&post=30793"}],"curies":[{"name":"wp","href":"https:\/\/api.w.org\/{rel}","templated":true}]}}