{"id":30797,"date":"2025-10-20T18:54:26","date_gmt":"2025-10-20T21:54:26","guid":{"rendered":"https:\/\/impactodenoticias.com.ar\/?p=30797"},"modified":"2025-10-20T18:54:26","modified_gmt":"2025-10-20T21:54:26","slug":"parana-desarticularon-un-kiosco-de-drogas-en-barrio-consejo","status":"publish","type":"post","link":"https:\/\/impactodenoticias.com.ar\/?p=30797","title":{"rendered":"Paran\u00e1: desarticularon un kiosco de drogas en barrio Consejo"},"content":{"rendered":"\n<h2 class=\"wp-block-heading\">En un allanamiento el personal de la Divisi\u00f3n Robos y Hurtos dependiente de la Direcci\u00f3n General de Investigaciones e Inteligencia Criminal, secuestraron elementos relacionados a la comercializaci\u00f3n de estupefacientes en Paran\u00e1.<\/h2>\n\n\n\n<p>En horas de la ma\u00f1ana del s\u00e1bado, el personal de esta Divisi\u00f3n Robos y Hurtos, conjuntamente con personal de Divisi\u00f3n Homicidios, en el marco de una investigaci\u00f3n por el presunto abuso de arma de fuego, allanaron una vivienda ubicada en barrio Consejo, en calle Sudam\u00e9rica, entre Pringles y Vicente del castillo.<\/p>\n\n\n\n<p><\/p>\n\n\n\n<figure class=\"wp-block-image size-full\"><img loading=\"lazy\" decoding=\"async\" width=\"696\" height=\"392\" src=\"https:\/\/impactodenoticias.com.ar\/wp-content\/uploads\/2025\/10\/1.webp\" alt=\"\" class=\"wp-image-30800\" srcset=\"https:\/\/impactodenoticias.com.ar\/wp-content\/uploads\/2025\/10\/1.webp 696w, https:\/\/impactodenoticias.com.ar\/wp-content\/uploads\/2025\/10\/1-300x169.webp 300w\" sizes=\"auto, (max-width: 696px) 100vw, 696px\" \/><\/figure>\n\n\n\n<p><\/p>\n\n\n\n<p>Al momento del ingreso del personal policial, la vivienda se encontraba sin ocupantes, y en la requisa se localizaron m\u00e1s de 300 cartuchos calibres 9 mm, 40 mm, 38 mm, 22 mm y vainas servidas de similares calibre. Tambi\u00e9n se detect\u00f3 material estupefaciente. En comunicaci\u00f3n con la Unidad Fiscal de Delitos Complejos en turno, dispuso la intervenci\u00f3n de personal de la Direcci\u00f3n General de Drogas Peligrosas y Polic\u00eda Cient\u00edfica.<\/p>\n\n\n\n<p><\/p>\n\n\n\n<figure class=\"wp-block-image size-full\"><img loading=\"lazy\" decoding=\"async\" width=\"696\" height=\"515\" src=\"https:\/\/impactodenoticias.com.ar\/wp-content\/uploads\/2025\/10\/2.webp\" alt=\"\" class=\"wp-image-30798\" srcset=\"https:\/\/impactodenoticias.com.ar\/wp-content\/uploads\/2025\/10\/2.webp 696w, https:\/\/impactodenoticias.com.ar\/wp-content\/uploads\/2025\/10\/2-300x222.webp 300w\" sizes=\"auto, (max-width: 696px) 100vw, 696px\" \/><\/figure>\n\n\n\n<p><\/p>\n\n\n\n<figure class=\"wp-block-image size-full\"><img loading=\"lazy\" decoding=\"async\" width=\"596\" height=\"975\" src=\"https:\/\/impactodenoticias.com.ar\/wp-content\/uploads\/2025\/10\/3.webp\" alt=\"\" class=\"wp-image-30799\" srcset=\"https:\/\/impactodenoticias.com.ar\/wp-content\/uploads\/2025\/10\/3.webp 596w, https:\/\/impactodenoticias.com.ar\/wp-content\/uploads\/2025\/10\/3-183x300.webp 183w\" sizes=\"auto, (max-width: 596px) 100vw, 596px\" \/><\/figure>\n\n\n\n<p><\/p>\n\n\n\n<p>Una vez practicado el ,\u201ctest orientativo\u201d de campo, en la sustancia arroj\u00f3 resultado positivo para coca\u00edna, la cual se encontraba fraccionada en capsulas pl\u00e1sticas. Adem\u00e1s se observ\u00f3 elementos de estiramiento, fraccionamiento y pesaje, tales como balanza de precisi\u00f3n.<\/p>\n\n\n\n<p>Desde la fuerza, se\u00f1alaron que \u201cse contin\u00faa con la investigaci\u00f3n y prevenci\u00f3n en conjunto con las dem\u00e1s \u00e1reas investigativas y de Operaciones, a los fines de erradicar bandas conflictivas, quienes portando armas de fuego, ocasionan un mal mayor a la comunidad\u00bb.<\/p>\n","protected":false},"excerpt":{"rendered":"<p>En un allanamiento el personal de la Divisi&oacute;n Robos y Hurtos dependiente de la Direcci&oacute;n General de Investigaciones e Inteligencia Criminal, secuestraron elementos relacionados a la comercializaci&oacute;n de estupefacientes en Paran&aacute;. En horas de la ma&ntilde;ana del s&aacute;bado, el personal de esta Divisi&oacute;n Robos y Hurtos, conjuntamente con personal de Divisi&oacute;n Homicidios, en el marco [&hellip;]<\/p>\n","protected":false},"author":2,"featured_media":30801,"comment_status":"closed","ping_status":"closed","sticky":false,"template":"","format":"standard","meta":{"footnotes":""},"categories":[3,8],"tags":[1145,1408,5493,412,2672,95,118],"class_list":["post-30797","post","type-post","status-publish","format-standard","has-post-thumbnail","hentry","category-locales","category-policiales","tag-barrio","tag-consejo","tag-desarticulan","tag-drogas","tag-kiosco","tag-parana","tag-policiales"],"_links":{"self":[{"href":"https:\/\/impactodenoticias.com.ar\/index.php?rest_route=\/wp\/v2\/posts\/30797","targetHints":{"allow":["GET"]}}],"collection":[{"href":"https:\/\/impactodenoticias.com.ar\/index.php?rest_route=\/wp\/v2\/posts"}],"about":[{"href":"https:\/\/impactodenoticias.com.ar\/index.php?rest_route=\/wp\/v2\/types\/post"}],"author":[{"embeddable":true,"href":"https:\/\/impactodenoticias.com.ar\/index.php?rest_route=\/wp\/v2\/users\/2"}],"replies":[{"embeddable":true,"href":"https:\/\/impactodenoticias.com.ar\/index.php?rest_route=%2Fwp%2Fv2%2Fcomments&post=30797"}],"version-history":[{"count":1,"href":"https:\/\/impactodenoticias.com.ar\/index.php?rest_route=\/wp\/v2\/posts\/30797\/revisions"}],"predecessor-version":[{"id":30802,"href":"https:\/\/impactodenoticias.com.ar\/index.php?rest_route=\/wp\/v2\/posts\/30797\/revisions\/30802"}],"wp:featuredmedia":[{"embeddable":true,"href":"https:\/\/impactodenoticias.com.ar\/index.php?rest_route=\/wp\/v2\/media\/30801"}],"wp:attachment":[{"href":"https:\/\/impactodenoticias.com.ar\/index.php?rest_route=%2Fwp%2Fv2%2Fmedia&parent=30797"}],"wp:term":[{"taxonomy":"category","embeddable":true,"href":"https:\/\/impactodenoticias.com.ar\/index.php?rest_route=%2Fwp%2Fv2%2Fcategories&post=30797"},{"taxonomy":"post_tag","embeddable":true,"href":"https:\/\/impactodenoticias.com.ar\/index.php?rest_route=%2Fwp%2Fv2%2Ftags&post=30797"}],"curies":[{"name":"wp","href":"https:\/\/api.w.org\/{rel}","templated":true}]}}