{"id":30811,"date":"2025-10-21T13:20:32","date_gmt":"2025-10-21T16:20:32","guid":{"rendered":"https:\/\/impactodenoticias.com.ar\/?p=30811"},"modified":"2025-10-21T13:20:33","modified_gmt":"2025-10-21T16:20:33","slug":"crimen-de-jazmin-gonzalez-se-llevaron-a-cabo-cuatro-allanamientos-en-mosconi-e-incautaron-otra-arma","status":"publish","type":"post","link":"https:\/\/impactodenoticias.com.ar\/?p=30811","title":{"rendered":"Crimen de Jazm\u00edn Gonz\u00e1lez: se llevaron a cabo cuatro allanamientos en Mosconi e incautaron otra arma"},"content":{"rendered":"\n<h2 class=\"wp-block-heading\">La Polic\u00eda de Entre R\u00edos realiz\u00f3 este martes cuatro operativos de allanamientos en el marco de la causa por el asesinato de Jazm\u00edn Gonz\u00e1lez, la adolescente de 16 a\u00f1os que perdi\u00f3 la vida de un disparo en la cabeza durante un enfrentamiento entre grupos en Bajada Grande de Paran\u00e1.<\/h2>\n\n\n\n<p>El procedimiento fue efectuado por el personal de la Divisi\u00f3n Homicidios en el barrio Mosconi, luego de datos surgidos de la investigaci\u00f3n. All\u00ed fueron hasta el domicilio del principal sospechoso de haber cometido el crimen de la adolescente, quien ser\u00eda su pariente.<\/p>\n\n\n\n<p><\/p>\n\n\n\n<figure class=\"wp-block-image size-full\"><img loading=\"lazy\" decoding=\"async\" width=\"696\" height=\"464\" src=\"https:\/\/impactodenoticias.com.ar\/wp-content\/uploads\/2025\/10\/arma-de-fuego-secuestrada-mosconi-barrio.webp\" alt=\"\" class=\"wp-image-30813\" srcset=\"https:\/\/impactodenoticias.com.ar\/wp-content\/uploads\/2025\/10\/arma-de-fuego-secuestrada-mosconi-barrio.webp 696w, https:\/\/impactodenoticias.com.ar\/wp-content\/uploads\/2025\/10\/arma-de-fuego-secuestrada-mosconi-barrio-300x200.webp 300w\" sizes=\"auto, (max-width: 696px) 100vw, 696px\" \/><\/figure>\n\n\n\n<p><\/p>\n\n\n\n<p>En ese marco, seg\u00fan trascendi\u00f3, se secuestr\u00f3 un arma de fuego calibre .38 de grueso calibre que estaba en el domicilio del joven implicado en el homicidio. Precisaron que estaba escondida en el patio de la casa, en un mont\u00edculo de arena.<\/p>\n\n\n\n<p>Se trata de la segunda arma de fuego secuestrada en el marco de la causa. La anterior era una pistola calibre .9 mm. Son dos elementos claves los cuales que ser\u00e1n peritados, ya que hasta el momento la autopsia no determin\u00f3 el calibre de la bala que provoc\u00f3 la muerte.<\/p>\n\n\n\n<p>Desde la Polic\u00eda se\u00f1alaron que hasta el momento hay cuatro personas detenidas por el hecho y siguen sumando elementos para aportar a la Fiscal\u00eda.<\/p>\n\n\n\n<p>Resaltaron adem\u00e1s que contin\u00faan con las tareas de prevenci\u00f3n en el barrio por pedido de vecinos. Sugieren llamar al 911 ante hecho delictivos. Aclararon adem\u00e1s que anoche hubo allanamientos y secuestraron estupefacientes.<\/p>\n\n\n\n<p>El lunes, la Divisi\u00f3n Homicidios detuvo a Emiliano H\u00e9ctor Strack, de 21 a\u00f1os, acusado de haber apu\u00f1alado a Yamil Cabrera, el joven se\u00f1alado como autor del disparo que mat\u00f3 a Jazm\u00edn.<\/p>\n\n\n\n<p>Cabe se\u00f1alar, que Cabrera fue atacado por allegados a la v\u00edctima cuando intentaban \u201cajusticiarlo\u201d en su vivienda del barrio Mosconi donde busc\u00f3 de resguardarse. Cabrera es primo de la joven fallecida, viven en el mismo barrio. El muchacho sufri\u00f3 dos heridas de arma blanca en el abdomen y un corte en el cuero cabelludo. Su padre tambi\u00e9n result\u00f3 herido.<\/p>\n\n\n\n<p>Strack ser\u00e1 imputado por intento de homicidio por el fiscal Laureano Dato y qued\u00f3 alojado en la Alcaid\u00eda de Tribunales. La Polic\u00eda busca a un segundo agresor de Cabrera, se trata de Facundo Mart\u00ednez, de 23 a\u00f1os.<\/p>\n","protected":false},"excerpt":{"rendered":"<p>La Polic&iacute;a de Entre R&iacute;os realiz&oacute; este martes cuatro operativos de allanamientos en el marco de la causa por el asesinato de Jazm&iacute;n Gonz&aacute;lez, la adolescente de 16 a&ntilde;os que perdi&oacute; la vida de un disparo en la cabeza durante un enfrentamiento entre grupos en Bajada Grande de Paran&aacute;. El procedimiento fue efectuado por el [&hellip;]<\/p>\n","protected":false},"author":2,"featured_media":30812,"comment_status":"closed","ping_status":"closed","sticky":false,"template":"","format":"standard","meta":{"footnotes":""},"categories":[90,3,8],"tags":[395,110,1145,6070,6069,5674,95,6071],"class_list":["post-30811","post","type-post","status-publish","format-standard","has-post-thumbnail","hentry","category-judicial","category-locales","category-policiales","tag-allanamiento","tag-asesinato","tag-barrio","tag-emiliano-hector-strack","tag-jazmin-gonzalez","tag-mosconi","tag-parana","tag-yamil-cabrera"],"_links":{"self":[{"href":"https:\/\/impactodenoticias.com.ar\/index.php?rest_route=\/wp\/v2\/posts\/30811","targetHints":{"allow":["GET"]}}],"collection":[{"href":"https:\/\/impactodenoticias.com.ar\/index.php?rest_route=\/wp\/v2\/posts"}],"about":[{"href":"https:\/\/impactodenoticias.com.ar\/index.php?rest_route=\/wp\/v2\/types\/post"}],"author":[{"embeddable":true,"href":"https:\/\/impactodenoticias.com.ar\/index.php?rest_route=\/wp\/v2\/users\/2"}],"replies":[{"embeddable":true,"href":"https:\/\/impactodenoticias.com.ar\/index.php?rest_route=%2Fwp%2Fv2%2Fcomments&post=30811"}],"version-history":[{"count":1,"href":"https:\/\/impactodenoticias.com.ar\/index.php?rest_route=\/wp\/v2\/posts\/30811\/revisions"}],"predecessor-version":[{"id":30814,"href":"https:\/\/impactodenoticias.com.ar\/index.php?rest_route=\/wp\/v2\/posts\/30811\/revisions\/30814"}],"wp:featuredmedia":[{"embeddable":true,"href":"https:\/\/impactodenoticias.com.ar\/index.php?rest_route=\/wp\/v2\/media\/30812"}],"wp:attachment":[{"href":"https:\/\/impactodenoticias.com.ar\/index.php?rest_route=%2Fwp%2Fv2%2Fmedia&parent=30811"}],"wp:term":[{"taxonomy":"category","embeddable":true,"href":"https:\/\/impactodenoticias.com.ar\/index.php?rest_route=%2Fwp%2Fv2%2Fcategories&post=30811"},{"taxonomy":"post_tag","embeddable":true,"href":"https:\/\/impactodenoticias.com.ar\/index.php?rest_route=%2Fwp%2Fv2%2Ftags&post=30811"}],"curies":[{"name":"wp","href":"https:\/\/api.w.org\/{rel}","templated":true}]}}