{"id":30825,"date":"2025-10-21T19:15:02","date_gmt":"2025-10-21T22:15:02","guid":{"rendered":"https:\/\/impactodenoticias.com.ar\/?p=30825"},"modified":"2025-10-21T19:15:02","modified_gmt":"2025-10-21T22:15:02","slug":"grave-hecho-en-parana-una-joven-denuncio-que-un-hombre-intento-subirla-a-un-vehiculo-tipo-utilitario","status":"publish","type":"post","link":"https:\/\/impactodenoticias.com.ar\/?p=30825","title":{"rendered":"Grave hecho en Paran\u00e1: una joven denunci\u00f3 que un hombre intent\u00f3 subirla a un veh\u00edculo tipo utilitario"},"content":{"rendered":"\n<h2 class=\"wp-block-heading\">Una joven de 25 a\u00f1os de Paran\u00e1 denunci\u00f3 en las \u00faltimas horas que un hombre la quiso subir a un utilitario de color blanco. El hecho sucedi\u00f3 este lunes en calle Bevilaqua, entre Balcar y Avenida de las Am\u00e9ricas, en la zona sur de la ciudad.<\/h2>\n\n\n\n<p>De acuerdo a la denuncia, que circul\u00f3 en las redes sociales y que adem\u00e1s radic\u00f3 en la comisar\u00eda 13\u00ba, la joven se encontraba caminando alrededor de las 13:50 de este lunes por el lugar cuando \u201cun hombre de tez blanca, entre 30 y 35 a\u00f1os, cabello color casta\u00f1o corto, toc\u00f3 bocina varias veces, y le dec\u00eda \u2018para d\u00f3nde vas\u2019, \u2018te llevo\u2019, \u2018queres que te alcance\u2019\u201d.<\/p>\n\n\n\n<p>\u201cMe quiso levantar un p\u2026 de 30\/35 a\u00f1os en una camioneta (\u2026) sigui\u00e9ndome al lado de donde estaba caminando. Yo estaba lejos de la camioneta y ni me acerqu\u00e9 (\u2026) Cuando le contest\u00e9 mal y vio gente, llegando a Av. de las Am\u00e9ricas, se fue r\u00e1pido por la avenida\u201d, cont\u00f3 la v\u00edctima en las redes sociales.<\/p>\n\n\n\n<p>Y agreg\u00f3 una advertencia para las familias de las inmediaciones: \u201cTengan cuidado con las nenas que anden solas en zona Paracao\u201d, se\u00f1al\u00f3. Acompa\u00f1\u00f3 la publicaci\u00f3n con una foto del rodado.<\/p>\n\n\n\n<p>La denunciante relat\u00f3 que \u201cotras amigas pasaron algo similar\u201d.<\/p>\n\n\n\n<p>El acusado habr\u00eda sido identificado con las iniciales P.S., domiciliado en inmediaciones de avenida Ram\u00edrez y Noacco.<\/p>\n\n\n\n<p>Desde la comisar\u00eda que recibi\u00f3 la denuncia se limitaron a informar que elevaron el caso a la Fiscal\u00eda.<\/p>\n","protected":false},"excerpt":{"rendered":"<p>Una joven de 25 a&ntilde;os de Paran&aacute; denunci&oacute; en las &uacute;ltimas horas que un hombre la quiso subir a un utilitario de color blanco. El hecho sucedi&oacute; este lunes en calle Bevilaqua, entre Balcar y Avenida de las Am&eacute;ricas, en la zona sur de la ciudad. De acuerdo a la denuncia, que circul&oacute; en las [&hellip;]<\/p>\n","protected":false},"author":2,"featured_media":30826,"comment_status":"closed","ping_status":"closed","sticky":false,"template":"","format":"standard","meta":{"footnotes":""},"categories":[3,8],"tags":[2682,1138,137,6075,95,6074,239],"class_list":["post-30825","post","type-post","status-publish","format-standard","has-post-thumbnail","hentry","category-locales","category-policiales","tag-denuncio","tag-intento","tag-joven","tag-paracao","tag-parana","tag-subir","tag-utilitario"],"_links":{"self":[{"href":"https:\/\/impactodenoticias.com.ar\/index.php?rest_route=\/wp\/v2\/posts\/30825","targetHints":{"allow":["GET"]}}],"collection":[{"href":"https:\/\/impactodenoticias.com.ar\/index.php?rest_route=\/wp\/v2\/posts"}],"about":[{"href":"https:\/\/impactodenoticias.com.ar\/index.php?rest_route=\/wp\/v2\/types\/post"}],"author":[{"embeddable":true,"href":"https:\/\/impactodenoticias.com.ar\/index.php?rest_route=\/wp\/v2\/users\/2"}],"replies":[{"embeddable":true,"href":"https:\/\/impactodenoticias.com.ar\/index.php?rest_route=%2Fwp%2Fv2%2Fcomments&post=30825"}],"version-history":[{"count":1,"href":"https:\/\/impactodenoticias.com.ar\/index.php?rest_route=\/wp\/v2\/posts\/30825\/revisions"}],"predecessor-version":[{"id":30827,"href":"https:\/\/impactodenoticias.com.ar\/index.php?rest_route=\/wp\/v2\/posts\/30825\/revisions\/30827"}],"wp:featuredmedia":[{"embeddable":true,"href":"https:\/\/impactodenoticias.com.ar\/index.php?rest_route=\/wp\/v2\/media\/30826"}],"wp:attachment":[{"href":"https:\/\/impactodenoticias.com.ar\/index.php?rest_route=%2Fwp%2Fv2%2Fmedia&parent=30825"}],"wp:term":[{"taxonomy":"category","embeddable":true,"href":"https:\/\/impactodenoticias.com.ar\/index.php?rest_route=%2Fwp%2Fv2%2Fcategories&post=30825"},{"taxonomy":"post_tag","embeddable":true,"href":"https:\/\/impactodenoticias.com.ar\/index.php?rest_route=%2Fwp%2Fv2%2Ftags&post=30825"}],"curies":[{"name":"wp","href":"https:\/\/api.w.org\/{rel}","templated":true}]}}