{"id":30828,"date":"2025-10-21T19:18:27","date_gmt":"2025-10-21T22:18:27","guid":{"rendered":"https:\/\/impactodenoticias.com.ar\/?p=30828"},"modified":"2025-10-22T08:48:58","modified_gmt":"2025-10-22T11:48:58","slug":"entre-rios-el-proximo-lunes-no-habra-clases-en-el-turno-manana-en-las-escuelas-donde-se-vota","status":"publish","type":"post","link":"https:\/\/impactodenoticias.com.ar\/?p=30828","title":{"rendered":"Entre R\u00edos: el pr\u00f3ximo lunes no habr\u00e1 clases en el turno ma\u00f1ana en las escuelas donde se vota"},"content":{"rendered":"\n<h2 class=\"wp-block-heading\">El Consejo General de Educaci\u00f3n (CGE) resolvi\u00f3, mediante la circular N\u00ba 17, que el lunes 27 de octubre no se dictar\u00e1n clases en el turno ma\u00f1ana en aquellas escuelas que sean utilizadas como centros de votaci\u00f3n en las elecciones legislativas del domingo 26 de octubre.<\/h2>\n\n\n\n<p>La medida responde a la necesidad de garantizar las condiciones de higiene y seguridad en los establecimientos escolares tras la jornada electoral.<\/p>\n\n\n\n<p>Desde el CGE se aclar\u00f3 que, si bien no habr\u00e1 actividad escolar con estudiantes, el personal directivo, de maestranza y los servicios auxiliares deber\u00e1n presentarse en sus horarios habituales para llevar a cabo las tareas de limpieza y desinfecci\u00f3n de las instalaciones.<\/p>\n\n\n\n<p>La disposici\u00f3n aplica \u00fanicamente al turno ma\u00f1ana del lunes 27, por lo que el funcionamiento en los turnos tarde y noche depender\u00e1 de la organizaci\u00f3n y situaci\u00f3n en especial de cada establecimiento.<\/p>\n","protected":false},"excerpt":{"rendered":"<p>El Consejo General de Educaci&oacute;n (CGE) resolvi&oacute;, mediante la circular N&ordm; 17, que el lunes 27 de octubre no se dictar&aacute;n clases en el turno ma&ntilde;ana en aquellas escuelas que sean utilizadas como centros de votaci&oacute;n en las elecciones legislativas del domingo 26 de octubre. La medida responde a la necesidad de garantizar las condiciones [&hellip;]<\/p>\n","protected":false},"author":2,"featured_media":30829,"comment_status":"closed","ping_status":"closed","sticky":false,"template":"","format":"standard","meta":{"footnotes":""},"categories":[11,4,49],"tags":[1410,672,33,206,1975,3717],"class_list":["post-30828","post","type-post","status-publish","format-standard","has-post-thumbnail","hentry","category-politica","category-provinciales","category-sociedad","tag-cge","tag-clases","tag-entre-rios","tag-escuelas","tag-sin","tag-votacion"],"_links":{"self":[{"href":"https:\/\/impactodenoticias.com.ar\/index.php?rest_route=\/wp\/v2\/posts\/30828","targetHints":{"allow":["GET"]}}],"collection":[{"href":"https:\/\/impactodenoticias.com.ar\/index.php?rest_route=\/wp\/v2\/posts"}],"about":[{"href":"https:\/\/impactodenoticias.com.ar\/index.php?rest_route=\/wp\/v2\/types\/post"}],"author":[{"embeddable":true,"href":"https:\/\/impactodenoticias.com.ar\/index.php?rest_route=\/wp\/v2\/users\/2"}],"replies":[{"embeddable":true,"href":"https:\/\/impactodenoticias.com.ar\/index.php?rest_route=%2Fwp%2Fv2%2Fcomments&post=30828"}],"version-history":[{"count":1,"href":"https:\/\/impactodenoticias.com.ar\/index.php?rest_route=\/wp\/v2\/posts\/30828\/revisions"}],"predecessor-version":[{"id":30830,"href":"https:\/\/impactodenoticias.com.ar\/index.php?rest_route=\/wp\/v2\/posts\/30828\/revisions\/30830"}],"wp:featuredmedia":[{"embeddable":true,"href":"https:\/\/impactodenoticias.com.ar\/index.php?rest_route=\/wp\/v2\/media\/30829"}],"wp:attachment":[{"href":"https:\/\/impactodenoticias.com.ar\/index.php?rest_route=%2Fwp%2Fv2%2Fmedia&parent=30828"}],"wp:term":[{"taxonomy":"category","embeddable":true,"href":"https:\/\/impactodenoticias.com.ar\/index.php?rest_route=%2Fwp%2Fv2%2Fcategories&post=30828"},{"taxonomy":"post_tag","embeddable":true,"href":"https:\/\/impactodenoticias.com.ar\/index.php?rest_route=%2Fwp%2Fv2%2Ftags&post=30828"}],"curies":[{"name":"wp","href":"https:\/\/api.w.org\/{rel}","templated":true}]}}