{"id":30838,"date":"2025-10-22T07:56:27","date_gmt":"2025-10-22T10:56:27","guid":{"rendered":"https:\/\/impactodenoticias.com.ar\/?p=30838"},"modified":"2025-10-23T12:46:22","modified_gmt":"2025-10-23T15:46:22","slug":"la-corte-suprema-de-la-nacion-le-dio-un-cierre-definitivo-a-la-absolucion-de-yanina-lescano-en-el-caso-nahiara","status":"publish","type":"post","link":"https:\/\/impactodenoticias.com.ar\/?p=30838","title":{"rendered":"La Corte Suprema de la Naci\u00f3n le dio un cierre definitivo a la absoluci\u00f3n de Yanina Lescano en el caso Nahiara"},"content":{"rendered":"\n<h2 class=\"wp-block-heading\">La Corte Suprema de Justicia de la Naci\u00f3n (CSJN), emiti\u00f3 un fallo definitivo en la causa caratulada \u201cCristo, Miguel \u00c1ngel y otra s\/ recurso de queja\u201d, decidi\u00f3 desestimar la presentaci\u00f3n directa interpuesta por el Ministerio P\u00fablico Fiscal de la Provincia de Entre R\u00edos que buscaba revertir la absoluci\u00f3n dictada por el Superior Tribunal de Justicia (STJ) en favor de Yanina Lescano.<\/h2>\n\n\n\n<p>Los defensores Cozzi y Cullen batallaron en favor de Lescano y obtuvieron su absoluci\u00f3n.<\/p>\n\n\n\n<p>La decisi\u00f3n de la CSJN se fundament\u00f3 en considerar inadmisible el recurso extraordinario original que hab\u00eda dado lugar a la queja. La Corte aplic\u00f3 el art\u00edculo 280 del C\u00f3digo Procesal Civil y Comercial de la Naci\u00f3n (CPCCN) para fundamentar esta desestimaci\u00f3n. La resoluci\u00f3n fue concisa: \u201cSe desestima la presentaci\u00f3n directa. Notif\u00edquese y arch\u00edvese\u201d.<\/p>\n\n\n\n<p>El recurso de queja (presentaci\u00f3n directa) fue interpuesto por el Ministerio P\u00fablico Fiscal de la Provincia de Entre R\u00edos. Los funcionarios que presentaron la acci\u00f3n fueron Jorge Garc\u00eda, procurador general, y M\u00f3nica Carmona, procuradora adjunta interina.<\/p>\n\n\n\n<p>La causa judicial se origin\u00f3 en el \u00e1mbito provincial, siendo el Superior Tribunal de Justicia de la Provincia de Entre R\u00edos el tribunal de origen. Previamente, en el proceso, hab\u00eda intervenido la C\u00e1mara de Casaci\u00f3n de Paran\u00e1, en la Provincia de Entre R\u00edos.<\/p>\n\n\n\n<p>El 14 de mayo de 2020, Yanina Lescano hab\u00eda sido condenada por el Tribunal de Juicios y Apelaciones de Paran\u00e1 a la pena de 16 a\u00f1os de prisi\u00f3n de cumplimiento efectivo por el delito de homicidio calificado por el v\u00ednculo, mediando circunstancias extraordinarias de atenuaci\u00f3n, en virtud del hecho ocurrido el 7 de febrero de 2019, en el cual falleciera Nahiara Luj\u00e1n Cristo.<\/p>\n\n\n\n<p><\/p>\n\n\n\n<figure class=\"wp-block-image size-full\"><img loading=\"lazy\" decoding=\"async\" width=\"579\" height=\"314\" src=\"https:\/\/impactodenoticias.com.ar\/wp-content\/uploads\/2025\/10\/Caso-Nahiara-1.png\" alt=\"\" class=\"wp-image-30839\" srcset=\"https:\/\/impactodenoticias.com.ar\/wp-content\/uploads\/2025\/10\/Caso-Nahiara-1.png 579w, https:\/\/impactodenoticias.com.ar\/wp-content\/uploads\/2025\/10\/Caso-Nahiara-1-300x163.png 300w\" sizes=\"auto, (max-width: 579px) 100vw, 579px\" \/><\/figure>\n\n\n\n<p><\/p>\n\n\n\n<p>Cabe se\u00f1alar que por el hecho, el padre de la ni\u00f1a v\u00edctima, Miguel \u00c1ngel Cristo, cumple condena de prisi\u00f3n perpetua firme.<\/p>\n\n\n\n<p>La fiscal\u00eda recurri\u00f3 en casaci\u00f3n la sentencia a favor de Lescano porque entend\u00eda que le correspond\u00eda la misma pena que a Cristo. Casaci\u00f3n Penal le dio la raz\u00f3n a los fiscales. Eso motiv\u00f3 que los abogados Patricio Cozzi y Miguel \u00c1ngel Cullen, en representaci\u00f3n de la imputada, recurrieran ante el STJ. En agosto de 2023, el STJ les dio la raz\u00f3n a los defensores y dispuso la absoluci\u00f3n de culpa y cargo por entender que se violaron sus derechos de defensa y no fue juzgada con perspectiva de g\u00e9nero.<\/p>\n\n\n\n<p>En la argumentaci\u00f3n del STJ se indic\u00f3 que se constat\u00f3 que Lescano estaba privada de la libertad, que Cristo le daba somn\u00edferos y que presentaba desnutrici\u00f3n y deshidrataci\u00f3n ella y sus hijos menores.<\/p>\n\n\n\n<p>No obstnate, el MPF sigui\u00f3 insistiendo y la Sala Penal del Superior Tribunal de Justicia le deneg\u00f3 la concesi\u00f3n del recurso extraordinario ante la Corte Suprema de Justicia de la Naci\u00f3n por no haber hecho reserva en la audiencia del caso federal. Sin embargo, Garc\u00eda recurri\u00f3 en queja.<\/p>\n\n\n\n<p>Es importante se\u00f1alar que la aclaraci\u00f3n realizada en el voto del Ministro Ricardo Lorenzetti. A fin de prevenir \u201cinterpretaciones err\u00f3neas acerca del alcance de los fallos de la Corte Suprema\u201d, el ministro precis\u00f3 que la desestimaci\u00f3n de un recurso extraordinario mediante la aplicaci\u00f3n del art\u00edculo 280 del CPCCN no significa confirmar ni afirmar la justicia o el acierto de la decisi\u00f3n recurrida.<\/p>\n\n\n\n<p><strong>El hecho<\/strong><\/p>\n\n\n\n<p>El aberrante hecho sucedi\u00f3 en febrero de 2019. Miguel Cristo, de 28 a\u00f1os en ese entonces, llev\u00f3 a su hija de dos a\u00f1os desnutrida y muy golpeada al hospital San Roque, donde lamentablemente termin\u00f3 perdiendo la vida.<\/p>\n\n\n\n<p>La autopsia realizada sobre el cuerpo de la menor, identificada como Nahiara Luj\u00e1n Cristo, estableci\u00f3 que la muerte sobrevino producto de una falla multiorg\u00e1nica por desnutrici\u00f3n y deshidratamiento.<\/p>\n\n\n\n<p>La ni\u00f1a presentaba adem\u00e1s golpes, quemaduras con cigarrillos y agua hirviendo. Adem\u00e1s ten\u00eda marcas compatibles con ataduras en las extremidades y fracturas de vieja data en las piernas y rostro.<\/p>\n\n\n\n<p>El hombre fue condenado por homicidio calificado por el v\u00ednculo, ensa\u00f1amiento y alevos\u00eda.<\/p>\n","protected":false},"excerpt":{"rendered":"<p>La Corte Suprema de Justicia de la Naci&oacute;n (CSJN), emiti&oacute; un fallo definitivo en la causa caratulada &ldquo;Cristo, Miguel &Aacute;ngel y otra s\/ recurso de queja&rdquo;, decidi&oacute; desestimar la presentaci&oacute;n directa interpuesta por el Ministerio P&uacute;blico Fiscal de la Provincia de Entre R&iacute;os que buscaba revertir la absoluci&oacute;n dictada por el Superior Tribunal de Justicia [&hellip;]<\/p>\n","protected":false},"author":2,"featured_media":30840,"comment_status":"closed","ping_status":"closed","sticky":false,"template":"","format":"standard","meta":{"footnotes":""},"categories":[90,4],"tags":[5326,487,313,6077,6080,6079,6078],"class_list":["post-30838","post","type-post","status-publish","format-standard","has-post-thumbnail","hentry","category-judicial","category-provinciales","tag-absolucion","tag-cierre","tag-corte-suprema","tag-definitivo","tag-miguel-angel-cristo","tag-nahiara","tag-yanina-lescano"],"_links":{"self":[{"href":"https:\/\/impactodenoticias.com.ar\/index.php?rest_route=\/wp\/v2\/posts\/30838","targetHints":{"allow":["GET"]}}],"collection":[{"href":"https:\/\/impactodenoticias.com.ar\/index.php?rest_route=\/wp\/v2\/posts"}],"about":[{"href":"https:\/\/impactodenoticias.com.ar\/index.php?rest_route=\/wp\/v2\/types\/post"}],"author":[{"embeddable":true,"href":"https:\/\/impactodenoticias.com.ar\/index.php?rest_route=\/wp\/v2\/users\/2"}],"replies":[{"embeddable":true,"href":"https:\/\/impactodenoticias.com.ar\/index.php?rest_route=%2Fwp%2Fv2%2Fcomments&post=30838"}],"version-history":[{"count":1,"href":"https:\/\/impactodenoticias.com.ar\/index.php?rest_route=\/wp\/v2\/posts\/30838\/revisions"}],"predecessor-version":[{"id":30841,"href":"https:\/\/impactodenoticias.com.ar\/index.php?rest_route=\/wp\/v2\/posts\/30838\/revisions\/30841"}],"wp:featuredmedia":[{"embeddable":true,"href":"https:\/\/impactodenoticias.com.ar\/index.php?rest_route=\/wp\/v2\/media\/30840"}],"wp:attachment":[{"href":"https:\/\/impactodenoticias.com.ar\/index.php?rest_route=%2Fwp%2Fv2%2Fmedia&parent=30838"}],"wp:term":[{"taxonomy":"category","embeddable":true,"href":"https:\/\/impactodenoticias.com.ar\/index.php?rest_route=%2Fwp%2Fv2%2Fcategories&post=30838"},{"taxonomy":"post_tag","embeddable":true,"href":"https:\/\/impactodenoticias.com.ar\/index.php?rest_route=%2Fwp%2Fv2%2Ftags&post=30838"}],"curies":[{"name":"wp","href":"https:\/\/api.w.org\/{rel}","templated":true}]}}