{"id":30851,"date":"2025-10-22T08:48:42","date_gmt":"2025-10-22T11:48:42","guid":{"rendered":"https:\/\/impactodenoticias.com.ar\/?p=30851"},"modified":"2025-10-23T12:46:53","modified_gmt":"2025-10-23T15:46:53","slug":"renuncio-el-directorio-del-hospital-felipe-heras-de-concordia","status":"publish","type":"post","link":"https:\/\/impactodenoticias.com.ar\/?p=30851","title":{"rendered":"Renunci\u00f3 el directorio del hospital Felipe Heras de Concordia"},"content":{"rendered":"\n<h2 class=\"wp-block-heading\">Dos de los tres integrantes del directorio del Hospital Felipe Heras de Concordia present\u00f3 -hace ya m\u00e1s de un mes- su renuncia ante las autoridades del Ministerio de Salud de la provincia. Los integrantes del \u00f3rgano de conducci\u00f3n dejaron trascender que se apartan de sus cargos por diferentes motivos personales y esperan que la cartera sanitaria eval\u00fae la aceptaci\u00f3n formal de estos planteos.<\/h2>\n\n\n\n<p>La primera de las renuncias, seg\u00fan se supo, fue presentada por el Administrador, Andr\u00e9s Pasarela. Posteriormente sigui\u00f3 el propio Director del hospital, el licenciado y mag\u00edster en Psicolog\u00eda Ezequiel Ortiz. Hasta el momento, no han recibido una respuesta por parte del Ministerio de Salud. Por lo que estos funcionarios se mantienen en sus funciones para que el nosocomio de la zona sur siga en funcionamiento y no se resienta su operatividad.<\/p>\n\n\n\n<p>Teniendo en cuenta estas dos presentaciones, el tercer integrante del directorio -que act\u00faa como secretario t\u00e9cnico- el doctor Daniel Kueider, tambi\u00e9 puso a disposici\u00f3n su renuncia, pero dej\u00f3 al Ministerio la decisi\u00f3n de aceptarla o no, impulsado por el escenario que se presenta con el alojamiento de los otros dos directivos.<\/p>\n\n\n\n<p>Seg\u00fan precisaron fuentes del nosocomio consultadas por medios de comunicaci\u00f3n locales, la respuesta a estas dos renuncias y a la renuncia \u201cpuesta a disposici\u00f3n\u201d, ser\u00e1 comunicada despu\u00e9s de las elecciones. Ya que ese fue el anticipo que hace semanas se formul\u00f3 desde el Ministerio de Salud.<\/p>\n\n\n\n<p>Cabe se\u00f1alar que se trata del directorio que asumi\u00f3 la conducci\u00f3n del hospital Heras en abril del a\u00f1o 2024, luego de la situaci\u00f3n de esc\u00e1ndalo que motiv\u00f3 que desde el propio ministerio de Salud se ordenara el corrimiento del entonces director, el doctor Julio\u202fGreco.<\/p>\n\n\n\n<p>El desplazamiento del doctor Julio Greco<\/p>\n\n\n\n<p>El desplazamiento del doctor Julio Greco al frente del Hospital Felipe Heras se dio cuando el Ministerio de Salud decidi\u00f3 efectuar un recambio de autoridades, a pocos meses de gesti\u00f3n de que asumiera aquella gesti\u00f3n.<\/p>\n\n\n\n<p>Seg\u00fan inform\u00f3 entonces la cartera provincial, la medida se tom\u00f3 ante la constataci\u00f3n de la presencia de \u201cpersonas no autorizadas\u201d en el hospital que tomaban decisiones o actuaban sin aval del Ministerio. El propio ex ministro de Salud, Guillermo\u202fGrieve, se hizo presente en Concordia para nombrar a las nuevas autoridades y destacar que \u201clos hospitales deben funcionar \u2026 siempre con di\u00e1logo y transparencia\u201d.<\/p>\n","protected":false},"excerpt":{"rendered":"<p>Dos de los tres integrantes del directorio del Hospital Felipe Heras de Concordia present&oacute; -hace ya m&aacute;s de un mes- su renuncia ante las autoridades del Ministerio de Salud de la provincia. Los integrantes del &oacute;rgano de conducci&oacute;n dejaron trascender que se apartan de sus cargos por diferentes motivos personales y esperan que la cartera [&hellip;]<\/p>\n","protected":false},"author":2,"featured_media":30852,"comment_status":"closed","ping_status":"closed","sticky":false,"template":"","format":"standard","meta":{"footnotes":""},"categories":[4,49],"tags":[6086,72,6088,6085,6087,141,4692,1422],"class_list":["post-30851","post","type-post","status-publish","format-standard","has-post-thumbnail","hentry","category-provinciales","category-sociedad","tag-andres-pasarela","tag-concordia","tag-daniel-kueider","tag-directorio","tag-ezequiel-ortiz","tag-hospital","tag-las-heras","tag-renuncia"],"_links":{"self":[{"href":"https:\/\/impactodenoticias.com.ar\/index.php?rest_route=\/wp\/v2\/posts\/30851","targetHints":{"allow":["GET"]}}],"collection":[{"href":"https:\/\/impactodenoticias.com.ar\/index.php?rest_route=\/wp\/v2\/posts"}],"about":[{"href":"https:\/\/impactodenoticias.com.ar\/index.php?rest_route=\/wp\/v2\/types\/post"}],"author":[{"embeddable":true,"href":"https:\/\/impactodenoticias.com.ar\/index.php?rest_route=\/wp\/v2\/users\/2"}],"replies":[{"embeddable":true,"href":"https:\/\/impactodenoticias.com.ar\/index.php?rest_route=%2Fwp%2Fv2%2Fcomments&post=30851"}],"version-history":[{"count":1,"href":"https:\/\/impactodenoticias.com.ar\/index.php?rest_route=\/wp\/v2\/posts\/30851\/revisions"}],"predecessor-version":[{"id":30853,"href":"https:\/\/impactodenoticias.com.ar\/index.php?rest_route=\/wp\/v2\/posts\/30851\/revisions\/30853"}],"wp:featuredmedia":[{"embeddable":true,"href":"https:\/\/impactodenoticias.com.ar\/index.php?rest_route=\/wp\/v2\/media\/30852"}],"wp:attachment":[{"href":"https:\/\/impactodenoticias.com.ar\/index.php?rest_route=%2Fwp%2Fv2%2Fmedia&parent=30851"}],"wp:term":[{"taxonomy":"category","embeddable":true,"href":"https:\/\/impactodenoticias.com.ar\/index.php?rest_route=%2Fwp%2Fv2%2Fcategories&post=30851"},{"taxonomy":"post_tag","embeddable":true,"href":"https:\/\/impactodenoticias.com.ar\/index.php?rest_route=%2Fwp%2Fv2%2Ftags&post=30851"}],"curies":[{"name":"wp","href":"https:\/\/api.w.org\/{rel}","templated":true}]}}