{"id":30854,"date":"2025-10-23T12:08:42","date_gmt":"2025-10-23T15:08:42","guid":{"rendered":"https:\/\/impactodenoticias.com.ar\/?p=30854"},"modified":"2025-10-23T12:08:42","modified_gmt":"2025-10-23T15:08:42","slug":"villa-urquiza-arrestaron-a-un-joven-por-realizar-maniobras-peligrosas-en-moto-y-resistirse-a-la-policia","status":"publish","type":"post","link":"https:\/\/impactodenoticias.com.ar\/?p=30854","title":{"rendered":"Villa Urquiza: arrestaron a un joven por realizar maniobras peligrosas en moto y resistirse a la Polic\u00eda"},"content":{"rendered":"\n<h2 class=\"wp-block-heading\">El personal de la Comisar\u00eda de Villa Urquiza detuvo a un joven este mi\u00e9rcoles de noche, luego de recibir un llamado de dos vecinos sobre dos j\u00f3venes que realizaban maniobras peligrosas en motocicleta a alta velocidad en la zona del camping de la Costanera del Sol.<\/h2>\n\n\n\n<p>Al dirigirse al lugar, cerca de las 20:30, los efectivos observaron a los motociclistas que evadieron el m\u00f3vil policial.<\/p>\n\n\n\n<p>Mientras uno de los j\u00f3venes pudo escapar, el otro sufri\u00f3 una falla en su motocicleta y termin\u00f3 detenido. Durante la intervenci\u00f3n, este individuo se resisti\u00f3 a la identificaci\u00f3n y se neg\u00f3 a descender de la moto, lo que motiv\u00f3 su aprehensi\u00f3n por resistencia a la autoridad.<\/p>\n\n\n\n<p>Una vez comunicado e informado fiscal interviniente sobre el incidente, orden\u00f3 el traslado del detenido a la Alcald\u00eda. Tambi\u00e9n se retuvo el veh\u00edculo por infracci\u00f3n a la Ley Nacional de Tr\u00e1nsito.<\/p>\n","protected":false},"excerpt":{"rendered":"<p>El personal de la Comisar&iacute;a de Villa Urquiza detuvo a un joven este mi&eacute;rcoles de noche, luego de recibir un llamado de dos vecinos sobre dos j&oacute;venes que realizaban maniobras peligrosas en motocicleta a alta velocidad en la zona del camping de la Costanera del Sol. Al dirigirse al lugar, cerca de las 20:30, los [&hellip;]<\/p>\n","protected":false},"author":2,"featured_media":30855,"comment_status":"closed","ping_status":"closed","sticky":false,"template":"","format":"standard","meta":{"footnotes":""},"categories":[3,8],"tags":[1003,6089,388,6090,1027],"class_list":["post-30854","post","type-post","status-publish","format-standard","has-post-thumbnail","hentry","category-locales","category-policiales","tag-detencion","tag-maniobras","tag-moto","tag-peligrosas","tag-villa-urquiza"],"_links":{"self":[{"href":"https:\/\/impactodenoticias.com.ar\/index.php?rest_route=\/wp\/v2\/posts\/30854","targetHints":{"allow":["GET"]}}],"collection":[{"href":"https:\/\/impactodenoticias.com.ar\/index.php?rest_route=\/wp\/v2\/posts"}],"about":[{"href":"https:\/\/impactodenoticias.com.ar\/index.php?rest_route=\/wp\/v2\/types\/post"}],"author":[{"embeddable":true,"href":"https:\/\/impactodenoticias.com.ar\/index.php?rest_route=\/wp\/v2\/users\/2"}],"replies":[{"embeddable":true,"href":"https:\/\/impactodenoticias.com.ar\/index.php?rest_route=%2Fwp%2Fv2%2Fcomments&post=30854"}],"version-history":[{"count":1,"href":"https:\/\/impactodenoticias.com.ar\/index.php?rest_route=\/wp\/v2\/posts\/30854\/revisions"}],"predecessor-version":[{"id":30856,"href":"https:\/\/impactodenoticias.com.ar\/index.php?rest_route=\/wp\/v2\/posts\/30854\/revisions\/30856"}],"wp:featuredmedia":[{"embeddable":true,"href":"https:\/\/impactodenoticias.com.ar\/index.php?rest_route=\/wp\/v2\/media\/30855"}],"wp:attachment":[{"href":"https:\/\/impactodenoticias.com.ar\/index.php?rest_route=%2Fwp%2Fv2%2Fmedia&parent=30854"}],"wp:term":[{"taxonomy":"category","embeddable":true,"href":"https:\/\/impactodenoticias.com.ar\/index.php?rest_route=%2Fwp%2Fv2%2Fcategories&post=30854"},{"taxonomy":"post_tag","embeddable":true,"href":"https:\/\/impactodenoticias.com.ar\/index.php?rest_route=%2Fwp%2Fv2%2Ftags&post=30854"}],"curies":[{"name":"wp","href":"https:\/\/api.w.org\/{rel}","templated":true}]}}