{"id":30860,"date":"2025-10-23T12:18:04","date_gmt":"2025-10-23T15:18:04","guid":{"rendered":"https:\/\/impactodenoticias.com.ar\/?p=30860"},"modified":"2025-10-24T10:09:28","modified_gmt":"2025-10-24T13:09:28","slug":"la-policia-entrerriana-refuerza-la-capacidad-de-tiro-con-fusiles-fal","status":"publish","type":"post","link":"https:\/\/impactodenoticias.com.ar\/?p=30860","title":{"rendered":"La Polic\u00eda entrerriana refuerza la capacidad de tiro con fusiles FAL"},"content":{"rendered":"\n<h2 class=\"wp-block-heading\">El ministro de Seguridad y Justicia, N\u00e9stor Roncaglia, junto al jefe de Polic\u00eda, Claudio Gonz\u00e1lez, realiz\u00f3 una visita operativa a La Paz para supervisar personalmente el entrenamiento y la puesta en servicio del Fusil Autom\u00e1tico Liviano (FAL) por parte de unidades t\u00e1cticas de la Polic\u00eda de Entre R\u00edos.<\/h2>\n\n\n\n<p>Esta medida forma parte de una pol\u00edtica de equipamiento y defensa ante el aumento de ataques violentos contra efectivos, incluyendo un reciente incidente registrado en la zona de islas.<\/p>\n\n\n\n<p><\/p>\n\n\n\n<figure class=\"wp-block-image size-full\"><img loading=\"lazy\" decoding=\"async\" width=\"661\" height=\"407\" src=\"https:\/\/impactodenoticias.com.ar\/wp-content\/uploads\/2025\/10\/Roncaglia-Policias.png\" alt=\"\" class=\"wp-image-30861\" srcset=\"https:\/\/impactodenoticias.com.ar\/wp-content\/uploads\/2025\/10\/Roncaglia-Policias.png 661w, https:\/\/impactodenoticias.com.ar\/wp-content\/uploads\/2025\/10\/Roncaglia-Policias-300x185.png 300w\" sizes=\"auto, (max-width: 661px) 100vw, 661px\" \/><\/figure>\n\n\n\n<p><\/p>\n\n\n\n<p>El FAL, un arma de probada eficacia utilizada por Fuerzas Armadas y Fuerzas de Seguridad a nivel nacional, ser\u00e1 incorporado de manera estrat\u00e9gica para reforzar la capacidad de respuesta y disuasi\u00f3n de los agentes.<\/p>\n\n\n\n<p>Roncaglia enfatiz\u00f3 la necesidad de dotar a la polic\u00eda de los medios adecuados para hacer frente a amenazas de alto poder de fuego, especialmente en \u00e1reas de dif\u00edcil acceso. \u00abEl FAL es un elemento disuasorio clave. Su presencia en patrullajes fluviales, en la zona de islas y en grandes extensiones rurales, donde la log\u00edstica y la asistencia r\u00e1pida se complican, es fundamental\u00bb, explic\u00f3 el ministro.<\/p>\n\n\n\n<p>Se\u00f1al\u00f3 que no se puede \u00abenviar a nuestros polic\u00edas a patrullar zonas calientes desprotegidos. Tras los ataques que sufrimos la semana pasada por v\u00e1ndalos y grupos armados en el per\u00edmetro policial, el mensaje es claro: la vida de un polic\u00eda no es negociable. El Estado los respalda plenamente. Capacitamos, equipamos y estamos listos para defender a quienes nos defienden\u00bb.<\/p>\n\n\n\n<p>\u00abAquellos que agredan a un efectivo en cumplimiento de su deber deben saber que la respuesta ser\u00e1 contundente y con toda la fuerza que la ley nos permite utilizar para repeler el ataque. Se termin\u00f3 la impunidad. La Polic\u00eda de Entre R\u00edos est\u00e1 en un proceso de reequipamiento y endurecimiento de su pol\u00edtica operativa. Quien pretenda amedrentar a la fuerza o cometer actos vand\u00e1licos y criminales en nuestra provincia se encontrar\u00e1 con una fuerza de seguridad que est\u00e1 lista para neutralizar cualquier amenaza\u00bb, concluy\u00f3 Roncaglia.<\/p>\n","protected":false},"excerpt":{"rendered":"<p>El ministro de Seguridad y Justicia, N&eacute;stor Roncaglia, junto al jefe de Polic&iacute;a, Claudio Gonz&aacute;lez, realiz&oacute; una visita operativa a La Paz para supervisar personalmente el entrenamiento y la puesta en servicio del Fusil Autom&aacute;tico Liviano (FAL) por parte de unidades t&aacute;cticas de la Polic&iacute;a de Entre R&iacute;os. Esta medida forma parte de una pol&iacute;tica [&hellip;]<\/p>\n","protected":false},"author":2,"featured_media":30862,"comment_status":"closed","ping_status":"closed","sticky":false,"template":"","format":"standard","meta":{"footnotes":""},"categories":[8,11,4],"tags":[33,6093,6092,489,426],"class_list":["post-30860","post","type-post","status-publish","format-standard","has-post-thumbnail","hentry","category-policiales","category-politica","category-provinciales","tag-entre-rios","tag-fal","tag-fusiles","tag-nestor-roncaglia","tag-policia"],"_links":{"self":[{"href":"https:\/\/impactodenoticias.com.ar\/index.php?rest_route=\/wp\/v2\/posts\/30860","targetHints":{"allow":["GET"]}}],"collection":[{"href":"https:\/\/impactodenoticias.com.ar\/index.php?rest_route=\/wp\/v2\/posts"}],"about":[{"href":"https:\/\/impactodenoticias.com.ar\/index.php?rest_route=\/wp\/v2\/types\/post"}],"author":[{"embeddable":true,"href":"https:\/\/impactodenoticias.com.ar\/index.php?rest_route=\/wp\/v2\/users\/2"}],"replies":[{"embeddable":true,"href":"https:\/\/impactodenoticias.com.ar\/index.php?rest_route=%2Fwp%2Fv2%2Fcomments&post=30860"}],"version-history":[{"count":1,"href":"https:\/\/impactodenoticias.com.ar\/index.php?rest_route=\/wp\/v2\/posts\/30860\/revisions"}],"predecessor-version":[{"id":30863,"href":"https:\/\/impactodenoticias.com.ar\/index.php?rest_route=\/wp\/v2\/posts\/30860\/revisions\/30863"}],"wp:featuredmedia":[{"embeddable":true,"href":"https:\/\/impactodenoticias.com.ar\/index.php?rest_route=\/wp\/v2\/media\/30862"}],"wp:attachment":[{"href":"https:\/\/impactodenoticias.com.ar\/index.php?rest_route=%2Fwp%2Fv2%2Fmedia&parent=30860"}],"wp:term":[{"taxonomy":"category","embeddable":true,"href":"https:\/\/impactodenoticias.com.ar\/index.php?rest_route=%2Fwp%2Fv2%2Fcategories&post=30860"},{"taxonomy":"post_tag","embeddable":true,"href":"https:\/\/impactodenoticias.com.ar\/index.php?rest_route=%2Fwp%2Fv2%2Ftags&post=30860"}],"curies":[{"name":"wp","href":"https:\/\/api.w.org\/{rel}","templated":true}]}}