{"id":30864,"date":"2025-10-23T12:36:46","date_gmt":"2025-10-23T15:36:46","guid":{"rendered":"https:\/\/impactodenoticias.com.ar\/?p=30864"},"modified":"2025-10-24T10:09:12","modified_gmt":"2025-10-24T13:09:12","slug":"parana-cayo-tavi-celis-y-otras-10-personas-de-su-banda-narco-tras-varios-allanamientos","status":"publish","type":"post","link":"https:\/\/impactodenoticias.com.ar\/?p=30864","title":{"rendered":"Paran\u00e1: arrestaron a \u201cTavi\u201d Celis y otras 10 personas de su banda narco tras varios allanamientos"},"content":{"rendered":"\n<h2 class=\"wp-block-heading\">La Polic\u00eda de Entre R\u00edos brindo detalles este jueves por la ma\u00f1ana, sobre los 22 allanamientos que llev\u00f3 adelante en la madrugada en varios barrios de Paran\u00e1 y en la Unidad Penal 1, en el marco de la investigaci\u00f3n por una causa federal de narcotr\u00e1fico. Uno de los arrestados es el conocido narcotraficante local Daniel \u201cTavi\u201d Celis.<\/h2>\n\n\n\n<p>La causa estaba se elabor\u00f3 tra un a\u00f1o y medio de investigaci\u00f3n, seg\u00fan indic\u00f3 el jefe de la Polic\u00eda, Claudio Gonz\u00e1lez. Los procedimientos se realizaron en los barrios Bajada Grande, Mosconi y Paran\u00e1 XVI y en pabellones de la Unidad Penal 1.<\/p>\n\n\n\n<p>Participaron de los mismos 240 efectivos, hubo 11 detenidos y se secuestraron de 1,4 kilo de marihuana, unas 600 dosis de coca\u00edna, dos armas de fuego, una balanza de precisi\u00f3n, una moto y 11 millones de pesos.<\/p>\n\n\n\n<p>Si bien las autoridades policiales no confirmaron por el momento la identidad de los detenidos, se supo que entre ellos est\u00e1 el l\u00edder de la banda, \u201cTavi\u201d Celis, quien estaba desde el a\u00f1o pasado con salidas sociofamiliares. Manejaba el negocio narco desde la Unidad Penal y durante sus horas en libertad, con colaboraci\u00f3n de sus familiares.<\/p>\n\n\n\n<p>La Polic\u00eda confirm\u00f3 que los detenidos ser\u00e1n trasladados a la Unidad Penal N\u00ba1 y a la N\u00ba6 de mujeres de la ciudad capital.<\/p>\n\n\n\n<p><strong>Manejo de negocios il\u00edcitos desde el penal<\/strong><\/p>\n\n\n\n<p>Daniel \u201cTavi\u201d Celis, casi de 50 a\u00f1os, fue condenado en 2019 en las hist\u00f3ricas causas Narcoavioneta y Narcomunicipio, cuando adem\u00e1s fue sentenciado en un hecho in\u00e9dito y muy cuestionado el ex intendente de Paran\u00e1, Sergio Varisco (fallecido en 2021).<\/p>\n\n\n\n<p>En 2021 a \u201cTavi\u201d le unificaron las condenas por esas dos causas y otra del a\u00f1o 2016, cuando hab\u00eda sido adem\u00e1s condenado por un violento robo en una estancia de la zona de Las Cuevas, en el departamento Diamante. Le dictaron 15 a\u00f1os de prisi\u00f3n por todos sus delitos.<\/p>\n\n\n\n<p>Durante a\u00f1os oper\u00f3 la venta de droga en una importante zona del oeste de Paran\u00e1 al frente de una organizaci\u00f3n eminentemente familiar, con epicentro en el barrio Paran\u00e1 XVI. Seg\u00fan se comprob\u00f3 en la causa que deriv\u00f3 en los allanamientos de este jueves, \u201cTavi\u201d segu\u00eda activo en el negocio narco incluso desde la Unidad Penal.<\/p>\n\n\n\n<p>En 2024 hab\u00eda accedido al beneficio de salidas sociofamiliares y laborales, con permiso para trabajar en la carnicer\u00eda que alquila en su casa del barrio y para pasar los domingos en familia. Este a\u00f1o hab\u00eda pedido la libertad condicional, pero se la hab\u00edan negado.<\/p>\n","protected":false},"excerpt":{"rendered":"<p>La Polic&iacute;a de Entre R&iacute;os brindo detalles este jueves por la ma&ntilde;ana, sobre los 22 allanamientos que llev&oacute; adelante en la madrugada en varios barrios de Paran&aacute; y en la Unidad Penal 1, en el marco de la investigaci&oacute;n por una causa federal de narcotr&aacute;fico. Uno de los arrestados es el conocido narcotraficante local Daniel [&hellip;]<\/p>\n","protected":false},"author":2,"featured_media":30865,"comment_status":"closed","ping_status":"closed","sticky":false,"template":"","format":"standard","meta":{"footnotes":""},"categories":[3,8],"tags":[1136,4872,6094,1003,95,118],"class_list":["post-30864","post","type-post","status-publish","format-standard","has-post-thumbnail","hentry","category-locales","category-policiales","tag-allanamientos","tag-claudio-gonzalez","tag-daniel-celis","tag-detencion","tag-parana","tag-policiales"],"_links":{"self":[{"href":"https:\/\/impactodenoticias.com.ar\/index.php?rest_route=\/wp\/v2\/posts\/30864","targetHints":{"allow":["GET"]}}],"collection":[{"href":"https:\/\/impactodenoticias.com.ar\/index.php?rest_route=\/wp\/v2\/posts"}],"about":[{"href":"https:\/\/impactodenoticias.com.ar\/index.php?rest_route=\/wp\/v2\/types\/post"}],"author":[{"embeddable":true,"href":"https:\/\/impactodenoticias.com.ar\/index.php?rest_route=\/wp\/v2\/users\/2"}],"replies":[{"embeddable":true,"href":"https:\/\/impactodenoticias.com.ar\/index.php?rest_route=%2Fwp%2Fv2%2Fcomments&post=30864"}],"version-history":[{"count":2,"href":"https:\/\/impactodenoticias.com.ar\/index.php?rest_route=\/wp\/v2\/posts\/30864\/revisions"}],"predecessor-version":[{"id":30873,"href":"https:\/\/impactodenoticias.com.ar\/index.php?rest_route=\/wp\/v2\/posts\/30864\/revisions\/30873"}],"wp:featuredmedia":[{"embeddable":true,"href":"https:\/\/impactodenoticias.com.ar\/index.php?rest_route=\/wp\/v2\/media\/30865"}],"wp:attachment":[{"href":"https:\/\/impactodenoticias.com.ar\/index.php?rest_route=%2Fwp%2Fv2%2Fmedia&parent=30864"}],"wp:term":[{"taxonomy":"category","embeddable":true,"href":"https:\/\/impactodenoticias.com.ar\/index.php?rest_route=%2Fwp%2Fv2%2Fcategories&post=30864"},{"taxonomy":"post_tag","embeddable":true,"href":"https:\/\/impactodenoticias.com.ar\/index.php?rest_route=%2Fwp%2Fv2%2Ftags&post=30864"}],"curies":[{"name":"wp","href":"https:\/\/api.w.org\/{rel}","templated":true}]}}