{"id":30870,"date":"2025-10-23T12:46:07","date_gmt":"2025-10-23T15:46:07","guid":{"rendered":"https:\/\/impactodenoticias.com.ar\/?p=30870"},"modified":"2025-10-24T10:09:01","modified_gmt":"2025-10-24T13:09:01","slug":"tremenda-noticias-hondo-pesar-en-una-escuela-de-crespo-por-el-fallecimiento-de-un-alumno","status":"publish","type":"post","link":"https:\/\/impactodenoticias.com.ar\/?p=30870","title":{"rendered":"Tremenda noticias: hondo pesar en una escuela de Crespo por el fallecimiento de un alumno"},"content":{"rendered":"\n<h2 class=\"wp-block-heading\">A ra\u00edz de la muerte de un estudiante del Ciclo Superior, hecho que sucedi\u00f3 el martes por la noche, se suspendieron todas las actividades los d\u00edas mi\u00e9rcoles y jueves en la Escuela T\u00e9cnica N\u00b035 \u00abGral. Don Jos\u00e9 de San Mart\u00edn\u00bb de Crespo.<\/h2>\n\n\n\n<p>En horas de la noche del martes 21, la Polic\u00eda de Crespo inform\u00f3 el fallecimiento de un adolescente, de 15 a\u00f1os, ocurrido en circunstancias que indican una autodeterminaci\u00f3n.<\/p>\n\n\n\n<p>El lamentable hecho es investigado por las autoridades competentes, y por respeto a la familia y al proceso judicial, no se brindar\u00e1n por ahora m\u00e1s detalles.<\/p>\n\n\n\n<p>Seg\u00fan se inform\u00f3, la instituci\u00f3n educativa donde concurr\u00eda el joven permanecer\u00e1 cerrada en todas sus dependencias por duelo los d\u00edas mi\u00e9rcoles y jueves de esta semana.<\/p>\n","protected":false},"excerpt":{"rendered":"<p>A ra&iacute;z de la muerte de un estudiante del Ciclo Superior, hecho que sucedi&oacute; el martes por la noche, se suspendieron todas las actividades los d&iacute;as mi&eacute;rcoles y jueves en la Escuela T&eacute;cnica N&deg;35 &laquo;Gral. Don Jos&eacute; de San Mart&iacute;n&raquo; de Crespo. En horas de la noche del martes 21, la Polic&iacute;a de Crespo inform&oacute; [&hellip;]<\/p>\n","protected":false},"author":2,"featured_media":30871,"comment_status":"closed","ping_status":"closed","sticky":false,"template":"","format":"standard","meta":{"footnotes":""},"categories":[90,3,8],"tags":[564,6096,337,6097,124],"class_list":["post-30870","post","type-post","status-publish","format-standard","has-post-thumbnail","hentry","category-judicial","category-locales","category-policiales","tag-adolescente","tag-autodeterminacion","tag-crespo","tag-escuela-tecnica-n35-gral-don-jose-de-san-martin-de-crespo","tag-fallecimiento"],"_links":{"self":[{"href":"https:\/\/impactodenoticias.com.ar\/index.php?rest_route=\/wp\/v2\/posts\/30870","targetHints":{"allow":["GET"]}}],"collection":[{"href":"https:\/\/impactodenoticias.com.ar\/index.php?rest_route=\/wp\/v2\/posts"}],"about":[{"href":"https:\/\/impactodenoticias.com.ar\/index.php?rest_route=\/wp\/v2\/types\/post"}],"author":[{"embeddable":true,"href":"https:\/\/impactodenoticias.com.ar\/index.php?rest_route=\/wp\/v2\/users\/2"}],"replies":[{"embeddable":true,"href":"https:\/\/impactodenoticias.com.ar\/index.php?rest_route=%2Fwp%2Fv2%2Fcomments&post=30870"}],"version-history":[{"count":1,"href":"https:\/\/impactodenoticias.com.ar\/index.php?rest_route=\/wp\/v2\/posts\/30870\/revisions"}],"predecessor-version":[{"id":30872,"href":"https:\/\/impactodenoticias.com.ar\/index.php?rest_route=\/wp\/v2\/posts\/30870\/revisions\/30872"}],"wp:featuredmedia":[{"embeddable":true,"href":"https:\/\/impactodenoticias.com.ar\/index.php?rest_route=\/wp\/v2\/media\/30871"}],"wp:attachment":[{"href":"https:\/\/impactodenoticias.com.ar\/index.php?rest_route=%2Fwp%2Fv2%2Fmedia&parent=30870"}],"wp:term":[{"taxonomy":"category","embeddable":true,"href":"https:\/\/impactodenoticias.com.ar\/index.php?rest_route=%2Fwp%2Fv2%2Fcategories&post=30870"},{"taxonomy":"post_tag","embeddable":true,"href":"https:\/\/impactodenoticias.com.ar\/index.php?rest_route=%2Fwp%2Fv2%2Ftags&post=30870"}],"curies":[{"name":"wp","href":"https:\/\/api.w.org\/{rel}","templated":true}]}}