{"id":30875,"date":"2025-10-23T19:39:49","date_gmt":"2025-10-23T22:39:49","guid":{"rendered":"https:\/\/impactodenoticias.com.ar\/?p=30875"},"modified":"2025-10-23T19:42:19","modified_gmt":"2025-10-23T22:42:19","slug":"ucr-fuerte-reclamo-en-contra-del-voto-a-la-lista-de-milei-el-proximo-domingo","status":"publish","type":"post","link":"https:\/\/impactodenoticias.com.ar\/?p=30875","title":{"rendered":"UCR: fuerte reclamo en contra del voto a la lista de Milei el pr\u00f3ximo domingo"},"content":{"rendered":"\n<h2 class=\"wp-block-heading\">Bajo la consigna:\u201cVotar a Milei es votar en contra del pa\u00eds, del pueblo y los principios fundacionales de Uni\u00f3n C\u00edvica Radical\u201d, un importante n\u00famero de autoridades partidarias, referentes barriales, dirigentes de distintos sectores internos y la juventud radical, instaron a los afiliados y simpatizantes radicales a No Votar la lista de la Libertad Avanza que significa m\u00e1s empobrecimiento, m\u00e1s endeudamiento y entrega de nuestra soberan\u00eda nacional a Estados Unidos.<\/h2>\n\n\n\n<p>Se\u00f1alan a su vez tambi\u00e9n que, <strong>\u00abNo votar a Milei\u00bb<\/strong>, no significa elegir las distintas variantes del peronismo que ha hecho de la corrupci\u00f3n una moneda corriente.<\/p>\n\n\n\n<p>El documento que lleva la firma de un grupo numeroso de radicales y ratifica la resuelto por el Plenario del Comit\u00e9 Capital, convoca y exhorta a todos los radicales de convicci\u00f3n a resistir la entrega del gobierno de Milei y la rapi\u00f1ada que algunos p\u00edcaros for\u00e1neos pretenden seguir haciendo de nuestra gloriosa UCR en nuestra provincia.<\/p>\n\n\n\n<p><strong>NO votar a Milei significa estar a favor de la Salud P\u00fablica.<\/strong><\/p>\n\n\n\n<p>De los Jubilados<br>De los Discapacitados<br>De los Trabajadores<br>De la Educaci\u00f3n P\u00fablica<br>De nuestra Argentina soberana.<br>Es honrar y respetar los valores y la historia prestigiosa de nuestra Uni\u00f3n C\u00edvica Radical.<\/p>\n\n\n\n<p><strong>Humberto Ra\u00fal Varisco, Maria Elena Herzovich, Enrique Carbo, Oscar Ermacora, Orlando Silveyra , Elsa Mercedes Zalazar, Fernando Marchi Georgina Allem, Guillermo Botino, Eduardo Gonzalez Allen., Gast\u00f3n Marchi, Guillermo Garbieri, Juan Manuel Bar\u00f3n, Elsa Alarc\u00f3n, Daniela Alvarado, Angela Pineda, Guillermo Alvarado, Elio De Mart\u00edn, Ricardo Solaro, Norma Sant\u00e1ngelo, Maria Soledad Tabares, Silvia Rodriguez,<br>Fernando Abraham Sad, Maria Catalina Uechi, Maria Fernanda Gallo, Maria Vieto, Samuel Cristian Gallo, Maria Eugenia Gargiulo, Orlando Gomez, Neky Almada, Graciela Bracho, Jose Escobar, Pablo Hern\u00e1ndez,Sim\u00f3n Volcoff,Mary Almada,Domingo Oscar Pucheta ,Maria Cerrudo,<br>Caro Ceballos,Aguilar Melina,Valdez Claudia,Aguilar Jorge, Aguilar Dami\u00e1n, Benavento Mart\u00edn, Velazquez belen, Villagra Diego, Vergara Noelia, Gabriela Ram\u00edrez , Carlos Mart\u00ednez, Zapata delfina Aimara, Frank Dar\u00edo Hector, Almada Nadia, Falcon Gisela yamina, Gonzalez Oscar Andres, Patricia Stella Maris Giannechini, Eckhartt Juan Carlos , Lescano Alejandra Elizabet, Manuel Enrique Sosa , Maria Jose Toujan, Betiana Sulmaister, Lencina Mar\u00eda , Lencina Elvira, Guillermo Alvarado, Aguilar Melina,Valdez Claudia,Aguilar Jorge,<br>Aguilar Dami\u00e1n, Benavento Mart\u00edn, Velazquez belen, Villagra Diego, Vergara Noelia, Gabriela Ram\u00edrez , Carlos Mart\u00ednez, Zapata delfina Aimara, Patricia Stella Maris giannechini , Eckhartt Juan Carlos Marcelo, Lescano Alejandra Elizabet , Manuel Enrique Sosa , Maria Jose Toujan, Betiana veronica sulmaister, Lencina Mar\u00eda , Lencina Elvira. Jos\u00e9 Antonio \u00bb chivo\u00bb Miolest\u00f3<br>Mario Martinez \u00abmilanesas\u00bb, Hate Marta, Lopez Mariana ,Cislagui Laura, Lopez Mario,Elida Palacios, Clementina G\u00f3mez , Cristian \u00c1lvarez<br>Dario Espeche,Pedro LencinaDaniel Almeira,M.KurtzClaudia Coronel, Francisco Arias, Francisco Ruiz, Ricardo Areguin Javier Casas, Ail\u00e9n Hern\u00e1ndez, Gustavo Silva, Jose Luis Meiner, Alvarado Mabel, \u00c1lvarez Fabi\u00e1n, Ber\u00f3n Stefan, Dom\u00ednguez Marta, Bordeira Noem\u00ed, Cornejo Hugo<br>Escobar Daniel Fern\u00e1ndez A, Escobar Elena, Flores Maria, Ghiacgello Silvina, Gonzalez Monica, Leineker Jose, Lencina Pedro, Lopez Beatriz<br>Mart\u00ednez Paola, Nieve Domingo, Piedrabuena Ram\u00f3n,Romanutti Javier, Angel Sanabria,Roberto Sosa,Lucas Vera, Maria Pereira, Mario Galv\u00e1n,<br>Coronel Claudia,Andrea Carrasco.<\/strong><\/p>\n","protected":false},"excerpt":{"rendered":"<p>Bajo la consigna:&ldquo;Votar a Milei es votar en contra del pa&iacute;s, del pueblo y los principios fundacionales de Uni&oacute;n C&iacute;vica Radical&rdquo;, un importante n&uacute;mero de autoridades partidarias, referentes barriales, dirigentes de distintos sectores internos y la juventud radical, instaron a los afiliados y simpatizantes radicales a No Votar la lista de la Libertad Avanza que [&hellip;]<\/p>\n","protected":false},"author":2,"featured_media":30876,"comment_status":"closed","ping_status":"closed","sticky":false,"template":"","format":"standard","meta":{"footnotes":""},"categories":[1430,11,4],"tags":[212,1453,216,2349],"class_list":["post-30875","post","type-post","status-publish","format-standard","has-post-thumbnail","hentry","category-destacadas","category-politica","category-provinciales","tag-javier-milei","tag-reclamo","tag-ucr","tag-voto"],"_links":{"self":[{"href":"https:\/\/impactodenoticias.com.ar\/index.php?rest_route=\/wp\/v2\/posts\/30875","targetHints":{"allow":["GET"]}}],"collection":[{"href":"https:\/\/impactodenoticias.com.ar\/index.php?rest_route=\/wp\/v2\/posts"}],"about":[{"href":"https:\/\/impactodenoticias.com.ar\/index.php?rest_route=\/wp\/v2\/types\/post"}],"author":[{"embeddable":true,"href":"https:\/\/impactodenoticias.com.ar\/index.php?rest_route=\/wp\/v2\/users\/2"}],"replies":[{"embeddable":true,"href":"https:\/\/impactodenoticias.com.ar\/index.php?rest_route=%2Fwp%2Fv2%2Fcomments&post=30875"}],"version-history":[{"count":2,"href":"https:\/\/impactodenoticias.com.ar\/index.php?rest_route=\/wp\/v2\/posts\/30875\/revisions"}],"predecessor-version":[{"id":30878,"href":"https:\/\/impactodenoticias.com.ar\/index.php?rest_route=\/wp\/v2\/posts\/30875\/revisions\/30878"}],"wp:featuredmedia":[{"embeddable":true,"href":"https:\/\/impactodenoticias.com.ar\/index.php?rest_route=\/wp\/v2\/media\/30876"}],"wp:attachment":[{"href":"https:\/\/impactodenoticias.com.ar\/index.php?rest_route=%2Fwp%2Fv2%2Fmedia&parent=30875"}],"wp:term":[{"taxonomy":"category","embeddable":true,"href":"https:\/\/impactodenoticias.com.ar\/index.php?rest_route=%2Fwp%2Fv2%2Fcategories&post=30875"},{"taxonomy":"post_tag","embeddable":true,"href":"https:\/\/impactodenoticias.com.ar\/index.php?rest_route=%2Fwp%2Fv2%2Ftags&post=30875"}],"curies":[{"name":"wp","href":"https:\/\/api.w.org\/{rel}","templated":true}]}}