{"id":30882,"date":"2025-10-24T08:40:51","date_gmt":"2025-10-24T11:40:51","guid":{"rendered":"https:\/\/impactodenoticias.com.ar\/?p=30882"},"modified":"2025-10-24T08:40:52","modified_gmt":"2025-10-24T11:40:52","slug":"parana-arrestaron-a-un-medico-por-golpear-a-un-adulto-mayor-en-una-estacion-de-servicio","status":"publish","type":"post","link":"https:\/\/impactodenoticias.com.ar\/?p=30882","title":{"rendered":"Paran\u00e1: arrestaron a un m\u00e9dico por golpear a un adulto mayor en una estaci\u00f3n de servicio"},"content":{"rendered":"\n<h2 class=\"wp-block-heading\">Un violento episodio ocurri\u00f3 este jueves al mediod\u00eda en la estaci\u00f3n de servicio ACA, ubicada en las calles Laprida y Buenos Aires, de la capital entrerriana. En ese lugar un hombre de 79 a\u00f1os result\u00f3 lesionado tras ser agredido por otro conductor en medio de una discusi\u00f3n.<\/h2>\n\n\n\n<p>De acuerdo a informaci\u00f3n brindada por la Jefatura Departamental Paran\u00e1, el violento episodio se produjo aproximadamente a las 12:30 cuando A.E.L, m\u00e9dico de 53 a\u00f1os, descendi\u00f3 de su camioneta Toyota y comenz\u00f3 a golpear con los pu\u00f1os a P.R.R., un jubilado de 79 a\u00f1os que permanec\u00eda dentro de su autom\u00f3vil Renault 19.<\/p>\n\n\n\n<p>El brutal ataque dej\u00f3 al adulto mayor con lesiones visibles en el rostro, mand\u00edbula y labios, producto de los golpes recibidos. La agresi\u00f3n provoc\u00f3 la indignaci\u00f3n de las personas que se encontraban cargando combustible, quienes increparon al agresor e intentaron intervenir, hasta que personal policial lleg\u00f3 r\u00e1pidamente al lugar y pudo controlar la situaci\u00f3n y evitar que el agresor sea golpeado.<\/p>\n\n\n\n<p>Por disposici\u00f3n del fiscal en turno, Mart\u00edn Wasinger, es el nombre del agresor, fue trasladado y alojado en la Alcaid\u00eda de Tribunales<\/p>\n","protected":false},"excerpt":{"rendered":"<p>Un violento episodio ocurri&oacute; este jueves al mediod&iacute;a en la estaci&oacute;n de servicio ACA, ubicada en las calles Laprida y Buenos Aires, de la capital entrerriana. En ese lugar un hombre de 79 a&ntilde;os result&oacute; lesionado tras ser agredido por otro conductor en medio de una discusi&oacute;n. De acuerdo a informaci&oacute;n brindada por la Jefatura [&hellip;]<\/p>\n","protected":false},"author":2,"featured_media":30883,"comment_status":"closed","ping_status":"closed","sticky":false,"template":"","format":"standard","meta":{"footnotes":""},"categories":[3,8],"tags":[6100,1003,1551,5692,708,95,118],"class_list":["post-30882","post","type-post","status-publish","format-standard","has-post-thumbnail","hentry","category-locales","category-policiales","tag-aca","tag-detencion","tag-golpes","tag-jubilado","tag-medico","tag-parana","tag-policiales"],"_links":{"self":[{"href":"https:\/\/impactodenoticias.com.ar\/index.php?rest_route=\/wp\/v2\/posts\/30882","targetHints":{"allow":["GET"]}}],"collection":[{"href":"https:\/\/impactodenoticias.com.ar\/index.php?rest_route=\/wp\/v2\/posts"}],"about":[{"href":"https:\/\/impactodenoticias.com.ar\/index.php?rest_route=\/wp\/v2\/types\/post"}],"author":[{"embeddable":true,"href":"https:\/\/impactodenoticias.com.ar\/index.php?rest_route=\/wp\/v2\/users\/2"}],"replies":[{"embeddable":true,"href":"https:\/\/impactodenoticias.com.ar\/index.php?rest_route=%2Fwp%2Fv2%2Fcomments&post=30882"}],"version-history":[{"count":1,"href":"https:\/\/impactodenoticias.com.ar\/index.php?rest_route=\/wp\/v2\/posts\/30882\/revisions"}],"predecessor-version":[{"id":30884,"href":"https:\/\/impactodenoticias.com.ar\/index.php?rest_route=\/wp\/v2\/posts\/30882\/revisions\/30884"}],"wp:featuredmedia":[{"embeddable":true,"href":"https:\/\/impactodenoticias.com.ar\/index.php?rest_route=\/wp\/v2\/media\/30883"}],"wp:attachment":[{"href":"https:\/\/impactodenoticias.com.ar\/index.php?rest_route=%2Fwp%2Fv2%2Fmedia&parent=30882"}],"wp:term":[{"taxonomy":"category","embeddable":true,"href":"https:\/\/impactodenoticias.com.ar\/index.php?rest_route=%2Fwp%2Fv2%2Fcategories&post=30882"},{"taxonomy":"post_tag","embeddable":true,"href":"https:\/\/impactodenoticias.com.ar\/index.php?rest_route=%2Fwp%2Fv2%2Ftags&post=30882"}],"curies":[{"name":"wp","href":"https:\/\/api.w.org\/{rel}","templated":true}]}}