{"id":30909,"date":"2025-10-24T11:19:43","date_gmt":"2025-10-24T14:19:43","guid":{"rendered":"https:\/\/impactodenoticias.com.ar\/?p=30909"},"modified":"2025-10-25T13:37:53","modified_gmt":"2025-10-25T16:37:53","slug":"fernando-burlando-abandono-la-defensa-de-sergio-urribarri","status":"publish","type":"post","link":"https:\/\/impactodenoticias.com.ar\/?p=30909","title":{"rendered":"Fernando Burlando abandon\u00f3 la defensa de Sergio Urribarri"},"content":{"rendered":"\n<h2 class=\"wp-block-heading\">El abogado Fernando Burlando present\u00f3 su renuncia a la defensa del exgobernador Sergio Daniel Urribarri, a quien representaba desde abril de 2024 en el denominado megajuicio, causa en la que el exmandatario fue condenado a ocho a\u00f1os de prisi\u00f3n. La sentencia a\u00fan no est\u00e1 firme, ya que la Corte Suprema de Justicia de la Naci\u00f3n debe resolver un recurso extraordinario federal presentado por la defensa.<\/h2>\n\n\n\n<p>\u201cPor la presente, vengo a formalizar mi renuncia al cargo de defensor particular del Sr. Sergio Daniel Urribarri en la totalidad de las causas en las que he asumido su asistencia\u201d, expresa el escrito presentado por Burlando ante la Justicia provincial. El abogado agreg\u00f3 que su intervenci\u00f3n \u201cse encuentra agotada en esta instancia y en este fuero\u201d, y que la defensa continuar\u00e1 con los colegas que integraban la co-defensa.<\/p>\n\n\n\n<p>La renuncia fue comunicada oficialmente por la Oficina de Gesti\u00f3n de Audiencias (OGA), que notific\u00f3: \u201cT\u00e9ngase presente la renuncia formulada por el Dr. Fernando Andr\u00e9s Burlando al cargo de defensor t\u00e9cnico del imputado Sr. Sergio Daniel Urribarri. T\u00f3mese raz\u00f3n. Notif\u00edquese\u201d.<\/p>\n\n\n\n<p>En abril pasado ya hab\u00eda renunciado su socio, el abogado Javier Ba\u00f1os. Ambos hab\u00edan asumido la defensa de Urribarri en el megajuicio y en la megacausa de las coimas, en un momento en que el Ministerio P\u00fablico Fiscal insist\u00eda en que se hiciera efectiva la condena y el exgobernador fuera enviado a prisi\u00f3n.<\/p>\n\n\n\n<p>Urribarri, su cu\u00f1ado Juan Pablo Aguilera y el exministro de Cultura y Comunicaci\u00f3n, Pedro B\u00e1ez, pasaron la Nochebuena de 2024 detenidos en la Unidad Penal de Paran\u00e1. Urribarri y Aguilera fueron encarcelados el 19 de noviembre de ese a\u00f1o, luego de que la C\u00e1mara de Casaci\u00f3n Penal revocara un fallo anterior del Tribunal de Juicios y Apelaciones y ordenara su prisi\u00f3n preventiva hasta que la condena quedara firme. B\u00e1ez fue detenido tres d\u00edas despu\u00e9s.<\/p>\n\n\n\n<p>El encarcelamiento se produjo a pedido del Ministerio P\u00fablico Fiscal, que argument\u00f3 riesgo de fuga. La defensa present\u00f3 una impugnaci\u00f3n extraordinaria ante la Sala Penal del Superior Tribunal de Justicia (STJ), la cual fue admitida durante la feria judicial de enero de 2025.<\/p>\n\n\n\n<p>El tr\u00e1mite estuvo marcado por una serie de incidencias procesales, entre ellas la excusaci\u00f3n del juez Miguel Giorgio y la intervenci\u00f3n del presidente del STJ, Leonardo Portela, quien dispuso que el recurso se resolviera durante la feria. Finalmente, el 8 de enero de 2025, el STJ hizo lugar al planteo de las defensas y revoc\u00f3 la decisi\u00f3n de Casaci\u00f3n que hab\u00eda ordenado las detenciones.<\/p>\n\n\n\n<p>La resoluci\u00f3n se dict\u00f3 por mayor\u00eda, con los votos de Germ\u00e1n Carlomagno y Leonardo Portela, y la disidencia de Miguel Giorgio. Tras el fallo, Urribarri y Aguilera recuperaron la libertad.<\/p>\n\n\n\n<p>Posteriormente, el 1\u00ba de febrero, un tribunal integrado por los jueces Gisela Schumacher, Carlos Tepsich y Laura Mariana Soage resolvi\u00f3 favorablemente el pedido de Pedro B\u00e1ez y le concedi\u00f3 la prisi\u00f3n domiciliaria.<\/p>\n","protected":false},"excerpt":{"rendered":"<p>El abogado Fernando Burlando present&oacute; su renuncia a la defensa del exgobernador Sergio Daniel Urribarri, a quien representaba desde abril de 2024 en el denominado megajuicio, causa en la que el exmandatario fue condenado a ocho a&ntilde;os de prisi&oacute;n. La sentencia a&uacute;n no est&aacute; firme, ya que la Corte Suprema de Justicia de la Naci&oacute;n [&hellip;]<\/p>\n","protected":false},"author":2,"featured_media":30910,"comment_status":"closed","ping_status":"closed","sticky":false,"template":"","format":"standard","meta":{"footnotes":""},"categories":[90,4],"tags":[6110,475,6112,6111,3956],"class_list":["post-30909","post","type-post","status-publish","format-standard","has-post-thumbnail","hentry","category-judicial","category-provinciales","tag-csjn","tag-fernando-burlando","tag-javier-banos","tag-oga","tag-sergio-daniel-urribarri"],"_links":{"self":[{"href":"https:\/\/impactodenoticias.com.ar\/index.php?rest_route=\/wp\/v2\/posts\/30909","targetHints":{"allow":["GET"]}}],"collection":[{"href":"https:\/\/impactodenoticias.com.ar\/index.php?rest_route=\/wp\/v2\/posts"}],"about":[{"href":"https:\/\/impactodenoticias.com.ar\/index.php?rest_route=\/wp\/v2\/types\/post"}],"author":[{"embeddable":true,"href":"https:\/\/impactodenoticias.com.ar\/index.php?rest_route=\/wp\/v2\/users\/2"}],"replies":[{"embeddable":true,"href":"https:\/\/impactodenoticias.com.ar\/index.php?rest_route=%2Fwp%2Fv2%2Fcomments&post=30909"}],"version-history":[{"count":1,"href":"https:\/\/impactodenoticias.com.ar\/index.php?rest_route=\/wp\/v2\/posts\/30909\/revisions"}],"predecessor-version":[{"id":30911,"href":"https:\/\/impactodenoticias.com.ar\/index.php?rest_route=\/wp\/v2\/posts\/30909\/revisions\/30911"}],"wp:featuredmedia":[{"embeddable":true,"href":"https:\/\/impactodenoticias.com.ar\/index.php?rest_route=\/wp\/v2\/media\/30910"}],"wp:attachment":[{"href":"https:\/\/impactodenoticias.com.ar\/index.php?rest_route=%2Fwp%2Fv2%2Fmedia&parent=30909"}],"wp:term":[{"taxonomy":"category","embeddable":true,"href":"https:\/\/impactodenoticias.com.ar\/index.php?rest_route=%2Fwp%2Fv2%2Fcategories&post=30909"},{"taxonomy":"post_tag","embeddable":true,"href":"https:\/\/impactodenoticias.com.ar\/index.php?rest_route=%2Fwp%2Fv2%2Ftags&post=30909"}],"curies":[{"name":"wp","href":"https:\/\/api.w.org\/{rel}","templated":true}]}}