{"id":30912,"date":"2025-10-24T16:46:53","date_gmt":"2025-10-24T19:46:53","guid":{"rendered":"https:\/\/impactodenoticias.com.ar\/?p=30912"},"modified":"2025-10-25T13:37:49","modified_gmt":"2025-10-25T16:37:49","slug":"el-estado-de-salud-de-los-dos-policias-de-abigeato-que-fueron-atacados-a-balazos-en-santa-elena","status":"publish","type":"post","link":"https:\/\/impactodenoticias.com.ar\/?p=30912","title":{"rendered":"El estado de salud de los dos pol\u00edcias de abigeato que fueron atacados a balazos en Santa Elena"},"content":{"rendered":"\n<h2 class=\"wp-block-heading\">La Departamental La Paz de Polic\u00eda indic\u00f3 que se dio commienzo a una actuaci\u00f3n de oficio \u00abpara establecer formas y circunstancias en que resultaran con lesiones de arma de fuego funcionarios policiales\u00bb aproximadamente a las 2:30 en la zona rural ubicada en el kil\u00f3metro 3,2 de la Ruta Provincial N\u00ba 48 de acceso a Santa Elena.<\/h2>\n\n\n\n<p>Seg\u00fan el parte policial, desde el Hospital de Santa Elena se inform\u00f3 \u00abel ingreso de dos funcionarios policiales de 26 y 44 a\u00f1os los cuales habr\u00edan sido alcanzados por disparos de arma de fuego mientras realizaban una recorrida en la zona rural\u00bb.<\/p>\n\n\n\n<p>En el lugar, \u00ablos efectivos fueron atacados a distancia por personas desconocidas y sufrieron lesiones leves\u00bb, se\u00f1alaron fuentes policiales.<\/p>\n\n\n\n<p>Se puso en conocimiento a la Fiscal\u00eda de La Paz, desde donde se orden\u00f3 realizar las diligencias correspondientes, entre ellas pruebas de dermotest y el secuestro de elementos de inter\u00e9s para la causa.<\/p>\n\n\n\n<p>Personal de la Polic\u00eda Cient\u00edfica, efectivos de la Jefatura Departamental y de la Brigada de Delitos Rurales se encuentran trabajando en la zona, llevando adelante rastrillajes y tareas de investigaci\u00f3n.<\/p>\n\n\n\n<p><\/p>\n\n\n\n<figure class=\"wp-block-image size-large\"><img loading=\"lazy\" decoding=\"async\" width=\"680\" height=\"1024\" src=\"https:\/\/impactodenoticias.com.ar\/wp-content\/uploads\/2025\/10\/1-680x1024.jpg\" alt=\"\" class=\"wp-image-30914\" srcset=\"https:\/\/impactodenoticias.com.ar\/wp-content\/uploads\/2025\/10\/1-680x1024.jpg 680w, https:\/\/impactodenoticias.com.ar\/wp-content\/uploads\/2025\/10\/1-199x300.jpg 199w, https:\/\/impactodenoticias.com.ar\/wp-content\/uploads\/2025\/10\/1-768x1156.jpg 768w, https:\/\/impactodenoticias.com.ar\/wp-content\/uploads\/2025\/10\/1-1020x1536.jpg 1020w, https:\/\/impactodenoticias.com.ar\/wp-content\/uploads\/2025\/10\/1.jpg 1074w\" sizes=\"auto, (max-width: 680px) 100vw, 680px\" \/><\/figure>\n\n\n\n<p><\/p>\n\n\n\n<p><strong>El estado de salud de los policias baleados<\/strong><\/p>\n\n\n\n<p>Uno de los polic\u00edas de abigeato baleado en Santa Elena se salv\u00f3 por el chaleco antibalas<\/p>\n\n\n\n<p>La agresi\u00f3n por poco no fue letal, ya que el chaleco antibalas le salv\u00f3 a la vida a un oficial. Ocurri\u00f3 este viernes de madrugada en Santa Elena.<\/p>\n\n\n\n<p>Dos oficiales de Prevenci\u00f3n de Delitos Rurales pertenecientes a la brigada Quebracho, ubicada en la ruta de acceso a Santa Elena, patrullaban un campo ubicado a unos cuatro kil\u00f3metros de esa ciudad del departamento La Paz. Cabe destacar que \u00faltimamente se ven\u00edan registrando distintos hechos de abigeato y cuatrerismo en la zona.<\/p>\n\n\n\n<p>La patrulla de la brigada los dej\u00f3 en un camino rural y continuaron la vigilancia a pie. Apenas pasada la medianoche de este jueves, alrededor de las 0.30 del viernes, comenzaron a ser atacados a balazos, campo adentro.<\/p>\n\n\n\n<p>Tras los disparos uno de los agentes, el oficial a cargo de la patrulla, sufri\u00f3 un balazo en el brazo. El otro, recibi\u00f3 un impacto de bala directamente en el pecho, y otro que le roz\u00f3 uno de los hombros. Salv\u00f3 su vida gracias a que llevaba el chaleco antibalas, que logr\u00f3 que la munici\u00f3n no llegara a la zona del torax.<\/p>\n\n\n\n<p>Desde la fuerza optaron por no brindar mayores precisiones sobre el calibre de los disparos que recibieron los polic\u00edas ni del lugar exacto donde surgieron, para no entorpecer la investigaci\u00f3n. Por estas horas, refuerzos de Prevenci\u00f3n de Delitos Rurales, de la comisar\u00eda de Santa Elena y de la Departamental La Paz est\u00e1n abocados a la b\u00fasqueda del o los autores de la agresi\u00f3n.<\/p>\n\n\n\n<p>Tras las detonaciones, los agentes fueron auxiliados por sus compa\u00f1eros de la brigada rural y llevados al hospital con suma celeridad. Ya en el nocosomio recibieron las primeras curaciones y unas dos horas despu\u00e9s fueron dados de alta en la madrugada de este viernes.<\/p>\n\n\n\n<p>La Polic\u00eda dio a conocer que las lesiones que sufrieron fueron leves. El balazo del oficial de mayor edad ten\u00eda orificio de entrada y de salida, es decir que le atraves\u00f3 el brazo. El de menor edad se salv\u00f3 gracias a su chaleco. El otro disparo le roz\u00f3 el hombro y le provoc\u00f3 una herida leve.<\/p>\n\n\n\n<p>El ataque de Santa Elena no es el primero en el lugar. Unos tres meses atr\u00e1s se registr\u00f3 una oleada de tiros contra efectivos de Delitos Rurales en otro campo de la zona.<\/p>\n\n\n\n<p>La Polic\u00eda de Entre R\u00edos anunci\u00f3 que est\u00e1 entrenando a sus agentes de zonas rurales para repeler este tipo de ataques con fusiles FAL. \u201cNo se puede enviar a nuestros polic\u00edas a patrullar zonas calientes desprotegidos\u201d, se\u00f1al\u00f3 el ministro N\u00e9stor Roncaglia, en una comunicaci\u00f3n del gobierno provincial.<\/p>\n","protected":false},"excerpt":{"rendered":"<p>La Departamental La Paz de Polic&iacute;a indic&oacute; que se dio commienzo a una actuaci&oacute;n de oficio &laquo;para establecer formas y circunstancias en que resultaran con lesiones de arma de fuego funcionarios policiales&raquo; aproximadamente a las 2:30 en la zona rural ubicada en el kil&oacute;metro 3,2 de la Ruta Provincial N&ordm; 48 de acceso a Santa [&hellip;]<\/p>\n","protected":false},"author":2,"featured_media":30913,"comment_status":"closed","ping_status":"closed","sticky":false,"template":"","format":"standard","meta":{"footnotes":""},"categories":[8,4],"tags":[306,1833,394,131,439],"class_list":["post-30912","post","type-post","status-publish","format-standard","has-post-thumbnail","hentry","category-policiales","category-provinciales","tag-abigeato","tag-balazos","tag-heridos","tag-policias","tag-santa-elena"],"_links":{"self":[{"href":"https:\/\/impactodenoticias.com.ar\/index.php?rest_route=\/wp\/v2\/posts\/30912","targetHints":{"allow":["GET"]}}],"collection":[{"href":"https:\/\/impactodenoticias.com.ar\/index.php?rest_route=\/wp\/v2\/posts"}],"about":[{"href":"https:\/\/impactodenoticias.com.ar\/index.php?rest_route=\/wp\/v2\/types\/post"}],"author":[{"embeddable":true,"href":"https:\/\/impactodenoticias.com.ar\/index.php?rest_route=\/wp\/v2\/users\/2"}],"replies":[{"embeddable":true,"href":"https:\/\/impactodenoticias.com.ar\/index.php?rest_route=%2Fwp%2Fv2%2Fcomments&post=30912"}],"version-history":[{"count":1,"href":"https:\/\/impactodenoticias.com.ar\/index.php?rest_route=\/wp\/v2\/posts\/30912\/revisions"}],"predecessor-version":[{"id":30915,"href":"https:\/\/impactodenoticias.com.ar\/index.php?rest_route=\/wp\/v2\/posts\/30912\/revisions\/30915"}],"wp:featuredmedia":[{"embeddable":true,"href":"https:\/\/impactodenoticias.com.ar\/index.php?rest_route=\/wp\/v2\/media\/30913"}],"wp:attachment":[{"href":"https:\/\/impactodenoticias.com.ar\/index.php?rest_route=%2Fwp%2Fv2%2Fmedia&parent=30912"}],"wp:term":[{"taxonomy":"category","embeddable":true,"href":"https:\/\/impactodenoticias.com.ar\/index.php?rest_route=%2Fwp%2Fv2%2Fcategories&post=30912"},{"taxonomy":"post_tag","embeddable":true,"href":"https:\/\/impactodenoticias.com.ar\/index.php?rest_route=%2Fwp%2Fv2%2Ftags&post=30912"}],"curies":[{"name":"wp","href":"https:\/\/api.w.org\/{rel}","templated":true}]}}